{"id":35413,"date":"2017-12-21T09:56:39","date_gmt":"2017-12-21T12:56:39","guid":{"rendered":"http:\/\/caririemacao.com\/1\/?p=35413"},"modified":"2017-12-21T09:56:39","modified_gmt":"2017-12-21T12:56:39","slug":"odebrecht-pode-derrubar-presidente-do-peru-e-ameaca-outros-lideres-da-america-latina","status":"publish","type":"post","link":"https:\/\/www.caririemacao.com\/1\/2017\/12\/21\/odebrecht-pode-derrubar-presidente-do-peru-e-ameaca-outros-lideres-da-america-latina\/","title":{"rendered":"Odebrecht pode derrubar presidente do Peru e amea\u00e7a outros l\u00edderes da Am\u00e9rica Latina"},"content":{"rendered":"<p>O Congresso peruano\u00a0votar\u00e1 nesta quinta-feira (20)\u00a0se destitui ou n\u00e3o o presidente do pa\u00eds, Pedro Pablo Kuczynski\u00a0suspeito de corrup\u00e7\u00e3o. PPK, como \u00e9 conhecido o mandat\u00e1rio, \u00e9 acusado de receber propina para favorecer a empreiteira brasileira Odebrecht quando atuava como ministro &#8211;entre 2004 e 2006.<\/p>\n<p>Se aprovado pela maioria do parlamento, Kuczynski deixar\u00e1 o cargo pouco mais de um ano ap\u00f3s tomar posse e uma semana ap\u00f3s as acusa\u00e7\u00f5es virem \u00e0 tona. A deposi\u00e7\u00e3o tem cen\u00e1rio favor\u00e1vel,\u00a0pois\u00a0a oposi\u00e7\u00e3o representa hoje a maioria do Parlamento peruano, que \u00e9 unicameral.<\/p>\n<p>A vota\u00e7\u00e3o desta quinta-feira \u00e9 uma consequ\u00eancia da\u00a0Opera\u00e7\u00e3o Lava Jato\u00a0na Am\u00e9rica Latina. A investiga\u00e7\u00e3o chegou at\u00e9 agora a 12 pa\u00edses da regi\u00e3o e mais de 70 autoridades pol\u00edticas ou pessoas pr\u00f3ximas.<\/p>\n<p>Em alguns casos, como no M\u00e9xico e Venezuela, o governo local tem colocado panos quentes, dificultando o avan\u00e7o das investiga\u00e7\u00f5es. Se impedido, Kuczynski ser\u00e1 a maior autoridade at\u00e9 agora atingida pelos desdobramentos da opera\u00e7\u00e3o brasileira.<\/p>\n<p>Caso PPK seja afastado pela suspeita de receber US$ 5 milh\u00f5es por interm\u00e9dio de consultorias, assumir\u00e1 o poder o primeiro vice-presidente &#8211;h\u00e1 dois no pa\u00eds, que s\u00e3o\u00a0pressionados a renunciarem do cargo para abrir caminho a novas elei\u00e7\u00f5es.<\/p>\n<p>Uma possibilidade de pleito no Peru n\u00e3o torna o futuro mais certo: \u00e9 tamb\u00e9m acusada de receber propina a l\u00edder da oposi\u00e7\u00e3o Keiko Fujimori, al\u00e9m de dois ex-presidentes do pa\u00eds, Ollanta\u00a0Humala (2011-2016) e Alejandro Toledo (2001-2006).<\/p>\n<h3>Vizinhos no v\u00f3rtice do esc\u00e2ndalo Odebrecht<\/h3>\n<h3>Equador<\/h3>\n<p>O vice-presidente do Equador, Jorge Glas, foi condenado em outubro a seis anos de pris\u00e3o, acusado de receber US$ 13,5 milh\u00f5es em propina. Ainda que preso, Glas segue no cargo e aguarda o desfecho de um processo de impeachment que deve ser conclu\u00eddo apenas em 2018.<\/p>\n<h3>Col\u00f4mbia<\/h3>\n<p>Os pagamentos de propinas feitos pela Odebrecht no pa\u00eds chegam a US$ 40 milh\u00f5es. O dinheiro teria sido pago para que a empresa pudesse realizar obras que s\u00e3o investigadas por descumprirem licen\u00e7as ambientais.<\/p>\n<p>Entre as 11 pessoas j\u00e1 presas, est\u00e1 o ex-ministro de Transportes, Gabriel Garcia Morales. S\u00e3o tamb\u00e9m investigadas as campanhas do atual presidente Juan Manuel Santos e de seu rival Ivan Zuluaga &#8211; ambas acusadas de receber propinas da empreiteira.<\/p>\n<p><strong>Panam\u00e1<\/strong><\/p>\n<p>No pa\u00eds, foi criada uma procuradoria especializada para investigar o caso. At\u00e9 agora, foram abertos mais de 20 processos e 17 pessoas foram formalmente acusadas &#8211; algumas delas relacionadas ao governo do ex-presidente panamenho Ricardo Martinelli (2009-2014), incluindo dois filhos e dois ministros.<\/p>\n<div class=\"mod-foto-embed w615x300\"><strong>Rep\u00fablica Dominicana<\/strong><\/div>\n<p>O pa\u00eds caribenho fechou um acordo de dela\u00e7\u00e3o premiada com Brasil, Su\u00ed\u00e7a e Estados Unidos para dar sequ\u00eancia \u00e0s investiga\u00e7\u00f5es. Como consequ\u00eancia, j\u00e1\u00a0foram presos no pa\u00eds\u00a0o ministro de Ind\u00fastria e Com\u00e9rcio, Juan Tem\u00edstocles Mont\u00e1s, o ex-ministro de Obras P\u00fablicas, Victor D\u00edaz\u00a0R\u00faa\u00a0e o ex-deputado Ruddy\u00a0Gonz\u00e1lez, entre outros.<\/p>\n<h3><strong>Guatemala<\/strong><\/h3>\n<p>A investiga\u00e7\u00e3o de pagamentos de propina na Guatemala se estende por mais de dez anos e ganhou refor\u00e7o com as dela\u00e7\u00f5es da Lava Jato. As suspeitas envolvem o ex-ministro de Comunica\u00e7\u00f5es, Infraestrutura e Moradia Alejandro Sinibaldi, atualmente foragido devido a outra investiga\u00e7\u00e3o.<\/p>\n<p><strong>CARIRI EM A\u00c7\u00c3O<\/strong><\/p>\n<p><em>Com G1 \/Foto: Reprodu\u00e7\u00e3o google\u00a0\u00a0 <\/em><\/p>\n<p><strong>Leia mais not\u00edcias em\u00a0<\/strong><a href=\"http:\/\/www.caririemacao.com\/\"><strong>caririemacao.com<\/strong><\/a><strong>, siga nossa p\u00e1gina no\u00a0<\/strong><a href=\"https:\/\/www.facebook.com\/CaririEmAcao\/?ref=aymt_homepage_panel\"><strong>Facebook<\/strong><\/a>,<strong>\u00a0<\/strong><a href=\"https:\/\/www.instagram.com\/cariri_em_acao\/?hl=pt-br\"><strong>Instagram<\/strong><\/a><strong>\u00a0e <\/strong><a href=\"https:\/\/www.youtube.com\/channel\/UCAptA0jQuYQy8vMhLt2m4qg\"><strong>Youtube<\/strong><\/a><strong>\u00a0e veja nossas mat\u00e9rias, v\u00eddeos e fotos. Voc\u00ea tamb\u00e9m pode enviar informa\u00e7\u00f5es \u00e0 Reda\u00e7\u00e3o do Portal Cariri em A\u00e7\u00e3o pelo WhatsApp (83) 9 9634.5791, (83) 9 9601-1162.<\/strong><\/p>\n","protected":false},"excerpt":{"rendered":"<p>O Congresso peruano\u00a0votar\u00e1 nesta quinta-feira (20)\u00a0se destitui ou n\u00e3o o presidente do pa\u00eds, Pedro Pablo Kuczynski\u00a0suspeito de corrup\u00e7\u00e3o. PPK, como \u00e9 conhecido o mandat\u00e1rio, \u00e9&hellip; <\/p>\n","protected":false},"author":2,"featured_media":35414,"comment_status":"closed","ping_status":"closed","sticky":false,"template":"","format":"standard","meta":{"sfsi_plus_gutenberg_text_before_share":"","sfsi_plus_gutenberg_show_text_before_share":"","sfsi_plus_gutenberg_icon_type":"","sfsi_plus_gutenberg_icon_alignemt":"","sfsi_plus_gutenburg_max_per_row":"","footnotes":""},"categories":[11],"tags":[],"class_list":["post-35413","post","type-post","status-publish","format-standard","has-post-thumbnail","hentry","category-politica"],"_links":{"self":[{"href":"https:\/\/www.caririemacao.com\/1\/wp-json\/wp\/v2\/posts\/35413","targetHints":{"allow":["GET"]}}],"collection":[{"href":"https:\/\/www.caririemacao.com\/1\/wp-json\/wp\/v2\/posts"}],"about":[{"href":"https:\/\/www.caririemacao.com\/1\/wp-json\/wp\/v2\/types\/post"}],"author":[{"embeddable":true,"href":"https:\/\/www.caririemacao.com\/1\/wp-json\/wp\/v2\/users\/2"}],"replies":[{"embeddable":true,"href":"https:\/\/www.caririemacao.com\/1\/wp-json\/wp\/v2\/comments?post=35413"}],"version-history":[{"count":0,"href":"https:\/\/www.caririemacao.com\/1\/wp-json\/wp\/v2\/posts\/35413\/revisions"}],"wp:featuredmedia":[{"embeddable":true,"href":"https:\/\/www.caririemacao.com\/1\/wp-json\/wp\/v2\/media\/35414"}],"wp:attachment":[{"href":"https:\/\/www.caririemacao.com\/1\/wp-json\/wp\/v2\/media?parent=35413"}],"wp:term":[{"taxonomy":"category","embeddable":true,"href":"https:\/\/www.caririemacao.com\/1\/wp-json\/wp\/v2\/categories?post=35413"},{"taxonomy":"post_tag","embeddable":true,"href":"https:\/\/www.caririemacao.com\/1\/wp-json\/wp\/v2\/tags?post=35413"}],"curies":[{"name":"wp","href":"https:\/\/api.w.org\/{rel}","templated":true}]}}