{"id":35417,"date":"2017-12-21T10:17:32","date_gmt":"2017-12-21T13:17:32","guid":{"rendered":"http:\/\/caririemacao.com\/1\/?p=35417"},"modified":"2017-12-21T10:17:32","modified_gmt":"2017-12-21T13:17:32","slug":"estela-reconhece-legitimidade-em-possivel-postulacao-do-pdt-mas-acredita-em-unidade-no-apoio-a-azevedo","status":"publish","type":"post","link":"https:\/\/www.caririemacao.com\/1\/2017\/12\/21\/estela-reconhece-legitimidade-em-possivel-postulacao-do-pdt-mas-acredita-em-unidade-no-apoio-a-azevedo\/","title":{"rendered":"Estela reconhece legitimidade em poss\u00edvel postula\u00e7\u00e3o do PDT, mas acredita em unidade no apoio a Azev\u00eado"},"content":{"rendered":"<p>deputada Estela Bezerra (PSB) avaliou a participa\u00e7\u00e3o do PDT no processo eleitoral de 2018 e disse acreditar que o partido deve estar unido com o projeto encabe\u00e7ado pelo PSB na Para\u00edba. A socialista reconhece que a presen\u00e7a da vice-governadora, L\u00edgia Feliciano, \u00e9 boa para a agrupamento pol\u00edtico, mas ressaltou que a legenda tem convic\u00e7\u00e3o na candidatura de Jo\u00e3o Azev\u00eado (PSB).<\/p>\n<p>\u201cEu acho que todo mundo que est\u00e1 na pol\u00edtica tem o direito de ter suas esperan\u00e7as e expectativas. Eu tenho o maior respeito pela doutora L\u00edgia, mas acredito que nosso agrupamento pol\u00edtico, que inclui o PDT, vai estar harmonizado em torno do nome que o PSB tem apresentado\u201d, disse a parlamentar, se referindo ao nome do secret\u00e1rio de Recursos H\u00eddricos, e sobre a\u00a0declara\u00e7\u00e3o do presidente nacional do PDT, Carlos Lupi, a respeito de uma candidatura da sigla ao Governo.<\/p>\n<p>Estela, no entanto, afirmou que n\u00e3o v\u00ea problemas no debate sobre o assunto. \u201cN\u00e3o vejo problema em estar dialogando. Esse di\u00e1logo \u00e9 constante. Essa expectativa \u00e9 constante. Eu mesma fui lan\u00e7ada nela e o tempo inteiro dizia que a nossa pretens\u00e3o era contribuir com o projeto no lugar que estou. Existe uma unidade grande na composi\u00e7\u00e3o da Para\u00edba e acredito que n\u00e3o teremos problemas nas alian\u00e7as que estabelecemos. Obviamente respeitando a trajet\u00f3ria a autonomia de cada partido\u201d, ressaltou.<\/p>\n<p><strong>CARIRI EM A\u00c7\u00c3O<\/strong><\/p>\n<p><em>Com Blog do Gordinho\/Foto:\u00a0<\/em>Reprodu\u00e7\u00e3o google<\/p>\n<p><strong>Leia mais not\u00edcias em\u00a0<\/strong><a href=\"http:\/\/www.caririemacao.com\/\"><strong>caririemacao.com<\/strong><\/a><strong>, siga nossa p\u00e1gina no\u00a0<\/strong><a href=\"https:\/\/www.facebook.com\/CaririEmAcao\/?ref=aymt_homepage_panel\"><strong>Facebook<\/strong><\/a>,<strong>\u00a0<\/strong><a href=\"https:\/\/www.instagram.com\/cariri_em_acao\/?hl=pt-br\"><strong>Instagram<\/strong><\/a><strong>\u00a0e <\/strong><a href=\"https:\/\/www.youtube.com\/channel\/UCAptA0jQuYQy8vMhLt2m4qg\"><strong>Youtube<\/strong><\/a><strong>\u00a0e veja nossas mat\u00e9rias, v\u00eddeos e fotos. Voc\u00ea tamb\u00e9m pode enviar informa\u00e7\u00f5es \u00e0 Reda\u00e7\u00e3o do Portal Cariri em A\u00e7\u00e3o pelo WhatsApp (83) 9 9634.5791, (83) 9 9601-1162.<\/strong><\/p>\n","protected":false},"excerpt":{"rendered":"<p>deputada Estela Bezerra (PSB) avaliou a participa\u00e7\u00e3o do PDT no processo eleitoral de 2018 e disse acreditar que o partido deve estar unido com o&hellip; <\/p>\n","protected":false},"author":2,"featured_media":35421,"comment_status":"closed","ping_status":"closed","sticky":false,"template":"","format":"standard","meta":{"sfsi_plus_gutenberg_text_before_share":"","sfsi_plus_gutenberg_show_text_before_share":"","sfsi_plus_gutenberg_icon_type":"","sfsi_plus_gutenberg_icon_alignemt":"","sfsi_plus_gutenburg_max_per_row":"","footnotes":""},"categories":[11],"tags":[],"class_list":["post-35417","post","type-post","status-publish","format-standard","has-post-thumbnail","hentry","category-politica"],"_links":{"self":[{"href":"https:\/\/www.caririemacao.com\/1\/wp-json\/wp\/v2\/posts\/35417","targetHints":{"allow":["GET"]}}],"collection":[{"href":"https:\/\/www.caririemacao.com\/1\/wp-json\/wp\/v2\/posts"}],"about":[{"href":"https:\/\/www.caririemacao.com\/1\/wp-json\/wp\/v2\/types\/post"}],"author":[{"embeddable":true,"href":"https:\/\/www.caririemacao.com\/1\/wp-json\/wp\/v2\/users\/2"}],"replies":[{"embeddable":true,"href":"https:\/\/www.caririemacao.com\/1\/wp-json\/wp\/v2\/comments?post=35417"}],"version-history":[{"count":0,"href":"https:\/\/www.caririemacao.com\/1\/wp-json\/wp\/v2\/posts\/35417\/revisions"}],"wp:featuredmedia":[{"embeddable":true,"href":"https:\/\/www.caririemacao.com\/1\/wp-json\/wp\/v2\/media\/35421"}],"wp:attachment":[{"href":"https:\/\/www.caririemacao.com\/1\/wp-json\/wp\/v2\/media?parent=35417"}],"wp:term":[{"taxonomy":"category","embeddable":true,"href":"https:\/\/www.caririemacao.com\/1\/wp-json\/wp\/v2\/categories?post=35417"},{"taxonomy":"post_tag","embeddable":true,"href":"https:\/\/www.caririemacao.com\/1\/wp-json\/wp\/v2\/tags?post=35417"}],"curies":[{"name":"wp","href":"https:\/\/api.w.org\/{rel}","templated":true}]}}