{"id":35420,"date":"2017-12-21T10:19:34","date_gmt":"2017-12-21T13:19:34","guid":{"rendered":"http:\/\/caririemacao.com\/1\/?p=35420"},"modified":"2017-12-21T10:19:34","modified_gmt":"2017-12-21T13:19:34","slug":"tse-divulga-calendario-eleitoral-de-2018-confira-datas-e-prazos","status":"publish","type":"post","link":"https:\/\/www.caririemacao.com\/1\/2017\/12\/21\/tse-divulga-calendario-eleitoral-de-2018-confira-datas-e-prazos\/","title":{"rendered":"TSE divulga calend\u00e1rio eleitoral de 2018; confira datas e prazos"},"content":{"rendered":"<p>O Tribunal Superior Eleitoral (TSE) divulgou, nesta quinta-feira (21), calend\u00e1rio eleitoral do pleito de 2018. De acordo com a programa\u00e7\u00e3o, o 1\u00ba turno das elei\u00e7\u00f5es acontecer\u00e1 no dia 7 de outubro. J\u00e1 o 2\u00ba turno, deve ser realizado no dia 28 do mesmo m\u00eas.<\/p>\n<p>Em 2018 os eleitores v\u00e3o votar e escolher o presidente da Rep\u00fablica, governador, deputados federais e estaduais\/distritais, al\u00e9m de dois senadores.<\/p>\n<p>Quem pretende concorrer aos cargos eletivos no pleito do pr\u00f3ximo ano deve se filiar a um partido pol\u00edtico at\u00e9 o dia 7 de abril, ou seja, seis meses antes da data das elei\u00e7\u00f5es. O mesmo prazo \u00e9 dado para obten\u00e7\u00e3o junto \u00e0 Justi\u00e7a Eleitoral do registro dos estatutos dos partidos pol\u00edticos que pretendem entrar na disputa.<\/p>\n<p><strong>Retirada e transfer\u00eancia de t\u00edtulo<\/strong><\/p>\n<p>A data de 9 de maio \u00e9 o \u00faltimo dia para o eleitor que pretende votar requerer o t\u00edtulo, alterar seus dados cadastrais ou fazer a transfer\u00eancia do domic\u00edlio eleitoral. Tamb\u00e9m \u00e9 o prazo final para o eleitor com defici\u00eancia ou mobilidade reduzida solicitar sua transfer\u00eancia para se\u00e7\u00e3o com acessibilidade e, ainda, para que presos provis\u00f3rios e adolescentes internados possam regularizar a situa\u00e7\u00e3o eleitoral a fim de votarem em 2018.<\/p>\n<p><strong>Pesquisas eleitorais<\/strong><\/p>\n<p>A partir do dia 1\u00ba de janeiro de 2018, os institutos de pesquisas de opini\u00e3o p\u00fablica ficam obrigados a registrar junto \u00e0 Justi\u00e7a Eleitoral suas pesquisas relativas \u00e0s elei\u00e7\u00f5es ou aos poss\u00edveis candidatos.<\/p>\n<p><strong>Conven\u00e7\u00f5es partid\u00e1rias\u00a0<\/strong><\/p>\n<p>As conven\u00e7\u00f5es para a escolha dos candidatos a presidente e vice-presidente da Rep\u00fablica, governador e vice-governador, senador e respectivos suplentes, deputado federal, deputado estadual ou distrital dever\u00e3o ocorrer entre os dias 20 de julho e 5 de agosto.<\/p>\n<p><strong>Propaganda institucional<\/strong><\/p>\n<p>O TSE promover\u00e1, a partir de 1\u00ba de abril, propaganda institucional no r\u00e1dio e na TV destinada a incentivar a participa\u00e7\u00e3o feminina, dos jovens e da comunidade negra na pol\u00edtica, bem como esclarecer os cidad\u00e3os sobre as regras e o funcionamento do sistema eleitoral.<\/p>\n<p>A \u00edntegra do calend\u00e1rio eleitoral vai estar dispon\u00edvel no portal do TSE logo ap\u00f3s sua publica\u00e7\u00e3o no Di\u00e1rio de Justi\u00e7a.<\/p>\n<p><strong>CARIRI EM A\u00c7\u00c3O<\/strong><\/p>\n<p><em>Com Portal Correio\/Foto:\u00a0<\/em>Reprodu\u00e7\u00e3o google<\/p>\n<p><strong>Leia mais not\u00edcias em\u00a0<\/strong><a href=\"http:\/\/www.caririemacao.com\/\"><strong>caririemacao.com<\/strong><\/a><strong>, siga nossa p\u00e1gina no\u00a0<\/strong><a href=\"https:\/\/www.facebook.com\/CaririEmAcao\/?ref=aymt_homepage_panel\"><strong>Facebook<\/strong><\/a>,<strong>\u00a0<\/strong><a href=\"https:\/\/www.instagram.com\/cariri_em_acao\/?hl=pt-br\"><strong>Instagram<\/strong><\/a><strong>\u00a0e <\/strong><a href=\"https:\/\/www.youtube.com\/channel\/UCAptA0jQuYQy8vMhLt2m4qg\"><strong>Youtube<\/strong><\/a><strong>\u00a0e veja nossas mat\u00e9rias, v\u00eddeos e fotos. Voc\u00ea tamb\u00e9m pode enviar informa\u00e7\u00f5es \u00e0 Reda\u00e7\u00e3o do Portal Cariri em A\u00e7\u00e3o pelo WhatsApp (83) 9 9634.5791, (83) 9 9601-1162.<\/strong><\/p>\n","protected":false},"excerpt":{"rendered":"<p>O Tribunal Superior Eleitoral (TSE) divulgou, nesta quinta-feira (21), calend\u00e1rio eleitoral do pleito de 2018. De acordo com a programa\u00e7\u00e3o, o 1\u00ba turno das elei\u00e7\u00f5es&hellip; <\/p>\n","protected":false},"author":2,"featured_media":34970,"comment_status":"closed","ping_status":"closed","sticky":false,"template":"","format":"standard","meta":{"sfsi_plus_gutenberg_text_before_share":"","sfsi_plus_gutenberg_show_text_before_share":"","sfsi_plus_gutenberg_icon_type":"","sfsi_plus_gutenberg_icon_alignemt":"","sfsi_plus_gutenburg_max_per_row":"","footnotes":""},"categories":[1],"tags":[],"class_list":["post-35420","post","type-post","status-publish","format-standard","has-post-thumbnail","hentry","category-o-site"],"_links":{"self":[{"href":"https:\/\/www.caririemacao.com\/1\/wp-json\/wp\/v2\/posts\/35420","targetHints":{"allow":["GET"]}}],"collection":[{"href":"https:\/\/www.caririemacao.com\/1\/wp-json\/wp\/v2\/posts"}],"about":[{"href":"https:\/\/www.caririemacao.com\/1\/wp-json\/wp\/v2\/types\/post"}],"author":[{"embeddable":true,"href":"https:\/\/www.caririemacao.com\/1\/wp-json\/wp\/v2\/users\/2"}],"replies":[{"embeddable":true,"href":"https:\/\/www.caririemacao.com\/1\/wp-json\/wp\/v2\/comments?post=35420"}],"version-history":[{"count":0,"href":"https:\/\/www.caririemacao.com\/1\/wp-json\/wp\/v2\/posts\/35420\/revisions"}],"wp:featuredmedia":[{"embeddable":true,"href":"https:\/\/www.caririemacao.com\/1\/wp-json\/wp\/v2\/media\/34970"}],"wp:attachment":[{"href":"https:\/\/www.caririemacao.com\/1\/wp-json\/wp\/v2\/media?parent=35420"}],"wp:term":[{"taxonomy":"category","embeddable":true,"href":"https:\/\/www.caririemacao.com\/1\/wp-json\/wp\/v2\/categories?post=35420"},{"taxonomy":"post_tag","embeddable":true,"href":"https:\/\/www.caririemacao.com\/1\/wp-json\/wp\/v2\/tags?post=35420"}],"curies":[{"name":"wp","href":"https:\/\/api.w.org\/{rel}","templated":true}]}}