{"id":35430,"date":"2017-12-21T10:39:08","date_gmt":"2017-12-21T13:39:08","guid":{"rendered":"http:\/\/caririemacao.com\/1\/?p=35430"},"modified":"2017-12-21T10:39:08","modified_gmt":"2017-12-21T13:39:08","slug":"pesquisa-aprovacao-de-lula-sobe-e-chega-a-45-bolsonaro-registra-queda","status":"publish","type":"post","link":"https:\/\/www.caririemacao.com\/1\/2017\/12\/21\/pesquisa-aprovacao-de-lula-sobe-e-chega-a-45-bolsonaro-registra-queda\/","title":{"rendered":"Pesquisa: Aprova\u00e7\u00e3o de Lula sobe e chega a 45%. Bolsonaro registra queda"},"content":{"rendered":"<section class=\"l-noticia\">Um levantamento feito pelo Instituto Ipsos em parceira com o jornal o Estado de S. Paulo mostra a ascens\u00e3o do ex-presidente Luiz In\u00e1cio Lula da Silva (PT) nas taxas de aprova\u00e7\u00e3o. Enquanto Lula avan\u00e7a outros poss\u00edveis presidenci\u00e1veis, como a ex-senadora Marina Silva (Rede), o governador de S\u00e3o Paulo, Geraldo Alckmin (PSDB), e o deputado federal Jair Bolsonaro (PSC) registram queda.<\/p>\n<p>De acordo com a pesquisa, Lula teve em dezembro, o sexto m\u00eas consecutivo de melhora na avalia\u00e7\u00e3o e atingiu a casa dos 45%. No entanto, o n\u00famero de desaprova\u00e7\u00e3o ainda \u00e9 maior, 54%. Em junho, a parcela que o aprovava total ou parcialmente era 28%. O \u00edndice foi crescendo com o passar dos meses e atingiu o \u00e1pice em dezembro. A desaprova\u00e7\u00e3o, segundo a pesquisa, caiu 14 pontos percentuais desde junho.<\/p>\n<p>O tucano Geraldo Alckmin aparece com 19% de aprova\u00e7\u00e3o e 72% de reprova\u00e7\u00e3o. Nos outros meses, a pesquisa registrou 24% e 67% respectivamente, o que significa que o governador sofreu um desgaste em sua imagem e no apoio popular. J\u00e1 o deputado Jair Bolsonaro \u00e9 aprovado por 21% e reprovado por 62%, como mostra a pesquisa Bar\u00f4metro Pol\u00edtico Estad\u00e3o-Ipsos. Houve queda na taxa de aprova\u00e7\u00e3o do parlamentar em rela\u00e7\u00e3o \u00e0s estat\u00edsticas anteriores.<\/p>\n<p>O levantamento mostra que a a ex-senadora e ex-ministra Marina Silva \u00e9 aprovada por 28% dos entrevistados e reprovada por 62%. O apoio \u00e0 Marina caiu dois pontos desde outubro deste ano. No mesmo intervalo de tempo, o ex-presidente do Supremo Tribunal Federal (STF) Joaquim Barbosa, citado como poss\u00edvel nome na disputa de 2018, registrou queda de 11 pontos em sua aprova\u00e7\u00e3o, foi de 48% para 37%.<\/p>\n<\/section>\n<p><strong>CARIRI EM A\u00c7\u00c3O<\/strong><\/p>\n<p><em>Com Veja\/Foto:\u00a0<\/em>Reprodu\u00e7\u00e3o google<\/p>\n<p><strong>Leia mais not\u00edcias em\u00a0<\/strong><a href=\"http:\/\/www.caririemacao.com\/\"><strong>caririemacao.com<\/strong><\/a><strong>, siga nossa p\u00e1gina no\u00a0<\/strong><a href=\"https:\/\/www.facebook.com\/CaririEmAcao\/?ref=aymt_homepage_panel\"><strong>Facebook<\/strong><\/a>,<strong>\u00a0<\/strong><a href=\"https:\/\/www.instagram.com\/cariri_em_acao\/?hl=pt-br\"><strong>Instagram<\/strong><\/a><strong>\u00a0e <\/strong><a href=\"https:\/\/www.youtube.com\/channel\/UCAptA0jQuYQy8vMhLt2m4qg\"><strong>Youtube<\/strong><\/a><strong>\u00a0e veja nossas mat\u00e9rias, v\u00eddeos e fotos. Voc\u00ea tamb\u00e9m pode enviar informa\u00e7\u00f5es \u00e0 Reda\u00e7\u00e3o do Portal Cariri em A\u00e7\u00e3o pelo WhatsApp (83) 9 9634.5791, (83) 9 9601-1162.<\/strong><\/p>\n","protected":false},"excerpt":{"rendered":"<p>Um levantamento feito pelo Instituto Ipsos em parceira com o jornal o Estado de S. Paulo mostra a ascens\u00e3o do ex-presidente Luiz In\u00e1cio Lula da&hellip; <\/p>\n","protected":false},"author":2,"featured_media":31931,"comment_status":"closed","ping_status":"closed","sticky":false,"template":"","format":"standard","meta":{"sfsi_plus_gutenberg_text_before_share":"","sfsi_plus_gutenberg_show_text_before_share":"","sfsi_plus_gutenberg_icon_type":"","sfsi_plus_gutenberg_icon_alignemt":"","sfsi_plus_gutenburg_max_per_row":"","footnotes":""},"categories":[11],"tags":[],"class_list":["post-35430","post","type-post","status-publish","format-standard","has-post-thumbnail","hentry","category-politica"],"_links":{"self":[{"href":"https:\/\/www.caririemacao.com\/1\/wp-json\/wp\/v2\/posts\/35430","targetHints":{"allow":["GET"]}}],"collection":[{"href":"https:\/\/www.caririemacao.com\/1\/wp-json\/wp\/v2\/posts"}],"about":[{"href":"https:\/\/www.caririemacao.com\/1\/wp-json\/wp\/v2\/types\/post"}],"author":[{"embeddable":true,"href":"https:\/\/www.caririemacao.com\/1\/wp-json\/wp\/v2\/users\/2"}],"replies":[{"embeddable":true,"href":"https:\/\/www.caririemacao.com\/1\/wp-json\/wp\/v2\/comments?post=35430"}],"version-history":[{"count":0,"href":"https:\/\/www.caririemacao.com\/1\/wp-json\/wp\/v2\/posts\/35430\/revisions"}],"wp:featuredmedia":[{"embeddable":true,"href":"https:\/\/www.caririemacao.com\/1\/wp-json\/wp\/v2\/media\/31931"}],"wp:attachment":[{"href":"https:\/\/www.caririemacao.com\/1\/wp-json\/wp\/v2\/media?parent=35430"}],"wp:term":[{"taxonomy":"category","embeddable":true,"href":"https:\/\/www.caririemacao.com\/1\/wp-json\/wp\/v2\/categories?post=35430"},{"taxonomy":"post_tag","embeddable":true,"href":"https:\/\/www.caririemacao.com\/1\/wp-json\/wp\/v2\/tags?post=35430"}],"curies":[{"name":"wp","href":"https:\/\/api.w.org\/{rel}","templated":true}]}}