{"id":35433,"date":"2017-12-21T10:48:29","date_gmt":"2017-12-21T13:48:29","guid":{"rendered":"http:\/\/caririemacao.com\/1\/?p=35433"},"modified":"2017-12-21T10:48:29","modified_gmt":"2017-12-21T13:48:29","slug":"casal-morre-e-12-pessoas-ficam-feridas-em-acidente-envolvendo-onibus-e-carro-em-soledade","status":"publish","type":"post","link":"https:\/\/www.caririemacao.com\/1\/2017\/12\/21\/casal-morre-e-12-pessoas-ficam-feridas-em-acidente-envolvendo-onibus-e-carro-em-soledade\/","title":{"rendered":"Casal morre e 12 pessoas ficam feridas em acidente envolvendo \u00f4nibus e carro em Soledade"},"content":{"rendered":"<p>Um casal morreu e outras 12 pessoas ficaram feridas, entre elas uma crian\u00e7a de 10 anos, ap\u00f3s um acidente automobil\u00edstico envolvendo um \u00f4nibus de turismo e um carro de passeio no Km 197 da BR-230, pr\u00f3ximo ao munic\u00edpio de Soledade, na regi\u00e3o Agreste da Para\u00edba. O acidente foi registrado por volta das 5h desta quinta-feira (21).<\/p>\n<p>No in\u00edcio da manh\u00e3, foi divulgado que tr\u00eas pessoas tinham ficado feridas, mas \u00e0s 9h o Hospital de Trauma de Campina Grande atualizou o n\u00famero, informando que 12 pessoas tinham dado entrada na unidade, todas provenientes do acidente.<\/p>\n<p>Segundo testemunhas, o acidente aconteceu ap\u00f3s o motorista do carro de passeio tentar uma ultrapassagem e n\u00e3o conseguir finalizar. O motorista do \u00f4nibus de turismo trafegava no sentido oposto da pista e ainda tentou desviar do carro no espa\u00e7o do acostamento, mas acabou atingindo a parte lateral do ve\u00edculo que saiu da pista.\u00a0 Equipes do Corpo de Bombeiros e do Servi\u00e7o de Atendimento M\u00f3vel de Urg\u00eancia (SAMU) foram acionadas e realizaram os procedimentos de atendimento \u00e0s v\u00edtimas ainda no local do acidente.<\/p>\n<p>O casal estava no carro de passeio e morreu antes da chegada do atendimento m\u00e9dico. As outras duas pessoas um jovem de 19 anos e uma crian\u00e7a de 10\u00a0 tamb\u00e9m estavam no carro. As outras v\u00edtimas feridas estavam no \u00f4nibus. Todos foram\u00a0levados para o Hospital de Emerg\u00eancia e Trauma de Campina Grande, onde permanecem internados com o estado cl\u00ednico de sa\u00fade considerado est\u00e1vel.<\/p>\n<p>A Pol\u00edcia Rodovi\u00e1ria Federal (PRF) foi acionada e est\u00e1 no trecho do acidente realizando o controle do tr\u00e2nsito. O procedimento de per\u00edcia deve revelar outros detalhes do acidente.<\/p>\n<p><strong>CARIRI EM A\u00c7\u00c3O<\/strong><\/p>\n<p><em>Com Jornal da Para\u00edba\u00a0\/Foto: Divulga\u00e7\u00e3o de Renan Cardozo<\/em><\/p>\n<p><strong>Leia mais not\u00edcias em\u00a0<\/strong><a href=\"http:\/\/www.caririemacao.com\/\"><strong>caririemacao.com<\/strong><\/a><strong>, siga nossa p\u00e1gina no\u00a0<\/strong><a href=\"https:\/\/www.facebook.com\/CaririEmAcao\/?ref=aymt_homepage_panel\"><strong>Facebook<\/strong><\/a>,<strong>\u00a0<\/strong><a href=\"https:\/\/www.instagram.com\/cariri_em_acao\/?hl=pt-br\"><strong>Instagram<\/strong><\/a><strong>\u00a0e <\/strong><a href=\"https:\/\/www.youtube.com\/channel\/UCAptA0jQuYQy8vMhLt2m4qg\"><strong>Youtube<\/strong><\/a><strong>\u00a0e veja nossas mat\u00e9rias, v\u00eddeos e fotos. Voc\u00ea tamb\u00e9m pode enviar informa\u00e7\u00f5es \u00e0 Reda\u00e7\u00e3o do Portal Cariri em A\u00e7\u00e3o pelo WhatsApp (83) 9 9634.5791, (83) 9 9601-1162.<\/strong><\/p>\n","protected":false},"excerpt":{"rendered":"<p>Um casal morreu e outras 12 pessoas ficaram feridas, entre elas uma crian\u00e7a de 10 anos, ap\u00f3s um acidente automobil\u00edstico envolvendo um \u00f4nibus de turismo&hellip; <\/p>\n","protected":false},"author":2,"featured_media":35436,"comment_status":"closed","ping_status":"closed","sticky":false,"template":"","format":"standard","meta":{"sfsi_plus_gutenberg_text_before_share":"","sfsi_plus_gutenberg_show_text_before_share":"","sfsi_plus_gutenberg_icon_type":"","sfsi_plus_gutenberg_icon_alignemt":"","sfsi_plus_gutenburg_max_per_row":"","footnotes":""},"categories":[12],"tags":[],"class_list":["post-35433","post","type-post","status-publish","format-standard","has-post-thumbnail","hentry","category-policia"],"_links":{"self":[{"href":"https:\/\/www.caririemacao.com\/1\/wp-json\/wp\/v2\/posts\/35433","targetHints":{"allow":["GET"]}}],"collection":[{"href":"https:\/\/www.caririemacao.com\/1\/wp-json\/wp\/v2\/posts"}],"about":[{"href":"https:\/\/www.caririemacao.com\/1\/wp-json\/wp\/v2\/types\/post"}],"author":[{"embeddable":true,"href":"https:\/\/www.caririemacao.com\/1\/wp-json\/wp\/v2\/users\/2"}],"replies":[{"embeddable":true,"href":"https:\/\/www.caririemacao.com\/1\/wp-json\/wp\/v2\/comments?post=35433"}],"version-history":[{"count":0,"href":"https:\/\/www.caririemacao.com\/1\/wp-json\/wp\/v2\/posts\/35433\/revisions"}],"wp:featuredmedia":[{"embeddable":true,"href":"https:\/\/www.caririemacao.com\/1\/wp-json\/wp\/v2\/media\/35436"}],"wp:attachment":[{"href":"https:\/\/www.caririemacao.com\/1\/wp-json\/wp\/v2\/media?parent=35433"}],"wp:term":[{"taxonomy":"category","embeddable":true,"href":"https:\/\/www.caririemacao.com\/1\/wp-json\/wp\/v2\/categories?post=35433"},{"taxonomy":"post_tag","embeddable":true,"href":"https:\/\/www.caririemacao.com\/1\/wp-json\/wp\/v2\/tags?post=35433"}],"curies":[{"name":"wp","href":"https:\/\/api.w.org\/{rel}","templated":true}]}}