{"id":35434,"date":"2017-12-21T10:47:59","date_gmt":"2017-12-21T13:47:59","guid":{"rendered":"http:\/\/caririemacao.com\/1\/?p=35434"},"modified":"2017-12-21T10:50:48","modified_gmt":"2017-12-21T13:50:48","slug":"pt-fecha-alianca-com-psb-e-lanca-luiz-couto-para-o-senado-em-2018","status":"publish","type":"post","link":"https:\/\/www.caririemacao.com\/1\/2017\/12\/21\/pt-fecha-alianca-com-psb-e-lanca-luiz-couto-para-o-senado-em-2018\/","title":{"rendered":"PT fecha alian\u00e7a com PSB e lan\u00e7a Luiz Couto para o Senado em 2018"},"content":{"rendered":"<p>O PT\/PB emitiu na quarta-feira (20) uma resolu\u00e7\u00e3o que estabelece as diretrizes pol\u00edticas para 2018 e ratifica definitivamente a pr\u00e9-candidatura do deputado federal Luiz Couto ao Senado. No encontro, tamb\u00e9m ficou definida a alian\u00e7a do partido com o PSB do governador Ricardo Coutinho para o pr\u00f3ximo ano, desde que o partido se mantenha no campo progressista.<\/p>\n<p>\u201cO PT faz parte de um bloco progressista na Para\u00edba e vai permanecer nele. Logicamente se n\u00e3o houver mudan\u00e7a de conjuntura em 2018, o PT comp\u00f5e uma chapa progressista com o PSB e outros partidos\u201d, comentou o presidente do PT-PB, Jackson Macedo.<\/p>\n<p>Na opini\u00e3o de Jackson Macedo, presidente do partido na Para\u00edba, o documento vem em momento importante, ap\u00f3s a unifica\u00e7\u00e3o de tend\u00eancias internas que se encontravam divididas, mas que agora se alinham na mesma agenda para o pr\u00f3ximo ano.<\/p>\n<p>Em rela\u00e7\u00e3o \u00e0 pre-candidatura de Luiz Couto ao Senado, Jackson Macedo disse que \u201co PT quer apresentar essa alternativa ao campo progressista paraibano porque definitivamente precisamos eleger um senador de esquerda na Para\u00edba. E logicamente trabalhar com a chapa proporcional, eleger Lula, um senador do PT, aumentar nossa bancada na Assembleia Legislativa e manter nossa representa\u00e7\u00e3o no Congresso Nacional\u201d, pontuou.<\/p>\n<h4>Defesa de Lula<\/h4>\n<p>Na reuni\u00e3o, foi pontuada como priorit\u00e1ria a solidariedade ao presidente Lula, que ser\u00e1 julgado por acusa\u00e7\u00f5es das quais n\u00e3o h\u00e1 provas, no dia 24 de janeiro no TRF-4, em Porto Alegre. A partir de janeiro, todos os diret\u00f3rios estaduais do PT no pa\u00eds far\u00e3o as inaugura\u00e7\u00f5es dos comit\u00eas em defesa da democracia e da candidatura do presidente Lula. Na Para\u00edba, o lan\u00e7amento do comit\u00ea estadual ser\u00e1 no dia 13 de janeiro, em Jo\u00e3o Pessoa.<\/p>\n<p>No dia 24 de janeiro, caravanas de todo o pa\u00eds tamb\u00e9m estar\u00e3o em Porto Alegre para prestar solidariedade a Lula. \u201cA Para\u00edba vai participar desse evento e tamb\u00e9m organizar atividades na capital e em outros munic\u00edpios do Estado. J\u00e1 come\u00e7amos a pensar sobre isso e definimos uma comiss\u00e3o de organiza\u00e7\u00e3o desse evento\u201d, comunicou Jackson Macedo.<\/p>\n<p><strong>CARIRI EM A\u00c7\u00c3O<\/strong><\/p>\n<p><em>Com Resumo\/Foto: Reprodu\u00e7\u00e3o google\u00a0\u00a0 <\/em><\/p>\n<p><strong>Leia mais not\u00edcias em\u00a0<\/strong><a href=\"http:\/\/www.caririemacao.com\/\"><strong>caririemacao.com<\/strong><\/a><strong>, siga nossa p\u00e1gina no\u00a0<\/strong><a href=\"https:\/\/www.facebook.com\/CaririEmAcao\/?ref=aymt_homepage_panel\"><strong>Facebook<\/strong><\/a>,<strong>\u00a0<\/strong><a href=\"https:\/\/www.instagram.com\/cariri_em_acao\/?hl=pt-br\"><strong>Instagram<\/strong><\/a><strong>\u00a0e <\/strong><a href=\"https:\/\/www.youtube.com\/channel\/UCAptA0jQuYQy8vMhLt2m4qg\"><strong>Youtube<\/strong><\/a><strong>\u00a0e veja nossas mat\u00e9rias, v\u00eddeos e fotos. Voc\u00ea tamb\u00e9m pode enviar informa\u00e7\u00f5es \u00e0 Reda\u00e7\u00e3o do Portal Cariri em A\u00e7\u00e3o pelo WhatsApp (83) 9 9634.5791, (83) 9 9601-1162.<\/strong><\/p>\n","protected":false},"excerpt":{"rendered":"<p>O PT\/PB emitiu na quarta-feira (20) uma resolu\u00e7\u00e3o que estabelece as diretrizes pol\u00edticas para 2018 e ratifica definitivamente a pr\u00e9-candidatura do deputado federal Luiz Couto&hellip; <\/p>\n","protected":false},"author":2,"featured_media":17313,"comment_status":"closed","ping_status":"closed","sticky":false,"template":"","format":"standard","meta":{"sfsi_plus_gutenberg_text_before_share":"","sfsi_plus_gutenberg_show_text_before_share":"","sfsi_plus_gutenberg_icon_type":"","sfsi_plus_gutenberg_icon_alignemt":"","sfsi_plus_gutenburg_max_per_row":"","footnotes":""},"categories":[1],"tags":[],"class_list":["post-35434","post","type-post","status-publish","format-standard","has-post-thumbnail","hentry","category-o-site"],"_links":{"self":[{"href":"https:\/\/www.caririemacao.com\/1\/wp-json\/wp\/v2\/posts\/35434","targetHints":{"allow":["GET"]}}],"collection":[{"href":"https:\/\/www.caririemacao.com\/1\/wp-json\/wp\/v2\/posts"}],"about":[{"href":"https:\/\/www.caririemacao.com\/1\/wp-json\/wp\/v2\/types\/post"}],"author":[{"embeddable":true,"href":"https:\/\/www.caririemacao.com\/1\/wp-json\/wp\/v2\/users\/2"}],"replies":[{"embeddable":true,"href":"https:\/\/www.caririemacao.com\/1\/wp-json\/wp\/v2\/comments?post=35434"}],"version-history":[{"count":0,"href":"https:\/\/www.caririemacao.com\/1\/wp-json\/wp\/v2\/posts\/35434\/revisions"}],"wp:featuredmedia":[{"embeddable":true,"href":"https:\/\/www.caririemacao.com\/1\/wp-json\/wp\/v2\/media\/17313"}],"wp:attachment":[{"href":"https:\/\/www.caririemacao.com\/1\/wp-json\/wp\/v2\/media?parent=35434"}],"wp:term":[{"taxonomy":"category","embeddable":true,"href":"https:\/\/www.caririemacao.com\/1\/wp-json\/wp\/v2\/categories?post=35434"},{"taxonomy":"post_tag","embeddable":true,"href":"https:\/\/www.caririemacao.com\/1\/wp-json\/wp\/v2\/tags?post=35434"}],"curies":[{"name":"wp","href":"https:\/\/api.w.org\/{rel}","templated":true}]}}