{"id":35438,"date":"2017-12-21T10:54:38","date_gmt":"2017-12-21T13:54:38","guid":{"rendered":"http:\/\/caririemacao.com\/1\/?p=35438"},"modified":"2017-12-21T10:54:38","modified_gmt":"2017-12-21T13:54:38","slug":"temer-encontrou-donos-da-globo-para-discutir-delacao-e-reformas","status":"publish","type":"post","link":"https:\/\/www.caririemacao.com\/1\/2017\/12\/21\/temer-encontrou-donos-da-globo-para-discutir-delacao-e-reformas\/","title":{"rendered":"Temer encontrou donos da Globo para discutir dela\u00e7\u00e3o e reformas"},"content":{"rendered":"<p>Michel Temer teve um encontro reservado no in\u00edcio de outubro em S\u00e3o Paulo com Jo\u00e3o Roberto Marinho, do Grupo Globo, para discutir a cobertura de seu governo pelos ve\u00edculos da empresa, al\u00e9m de pedir apoio para a reforma da Previd\u00eancia.<\/p>\n<p>Segundo relatos feitos pelo pr\u00f3prio Temer a tr\u00eas aliados, a reuni\u00e3o foi um pedido de Jo\u00e3o Roberto, vice-presidente do Conselho de Administra\u00e7\u00e3o do grupo.<\/p>\n<p>Temer reclamou da cobertura do caso JBS pelos ve\u00edculos do grupo, que tinha, segundo o pol\u00edtico, o objetivo de derrub\u00e1-lo.<\/p>\n<p>Em 4 de outubro, Jo\u00e3o Roberto promoveu um jantar na casa de seu irm\u00e3o Roberto Irineu Marinho para receber Temer e o vice-presidente de Rela\u00e7\u00f5es Institucionais da Globo, Paulo Tonet. Um dos principais aliados do peemedebista, o deputado Beto Mansur (PRB-SP) costurou o encontro.<\/p>\n<p>Na avalia\u00e7\u00e3o do presidente, o comportamento do grupo desde 17 de maio, quando o jornal &#8220;O Globo&#8221; divulgou a conversa entre ele e o empres\u00e1rio Joesley Batista, cristalizou a percep\u00e7\u00e3o de que deu aval \u00e0 compra de sil\u00eancio do ex-deputado Eduardo Cunha (MDB-RJ).<\/p>\n<p>A grava\u00e7\u00e3o foi usada como base pelo ent\u00e3o procurador-geral da Rep\u00fablica, Rodrigo Janot, para apresentar duas den\u00fancias Temer, barradas na C\u00e2mara.<\/p>\n<p><strong>CARIRI EM A\u00c7\u00c3O<\/strong><\/p>\n<p><em>Com Brasil 247\/Foto: Reprodu\u00e7\u00e3o google\u00a0\u00a0 <\/em><\/p>\n<p><strong>Leia mais not\u00edcias em\u00a0<\/strong><a href=\"http:\/\/www.caririemacao.com\/\"><strong>caririemacao.com<\/strong><\/a><strong>, siga nossa p\u00e1gina no\u00a0<\/strong><a href=\"https:\/\/www.facebook.com\/CaririEmAcao\/?ref=aymt_homepage_panel\"><strong>Facebook<\/strong><\/a>,<strong>\u00a0<\/strong><a href=\"https:\/\/www.instagram.com\/cariri_em_acao\/?hl=pt-br\"><strong>Instagram<\/strong><\/a><strong>\u00a0e <\/strong><a href=\"https:\/\/www.youtube.com\/channel\/UCAptA0jQuYQy8vMhLt2m4qg\"><strong>Youtube<\/strong><\/a><strong>\u00a0e veja nossas mat\u00e9rias, v\u00eddeos e fotos. Voc\u00ea tamb\u00e9m pode enviar informa\u00e7\u00f5es \u00e0 Reda\u00e7\u00e3o do Portal Cariri em A\u00e7\u00e3o pelo WhatsApp (83) 9 9634.5791, (83) 9 9601-1162.<\/strong><\/p>\n","protected":false},"excerpt":{"rendered":"<p>Michel Temer teve um encontro reservado no in\u00edcio de outubro em S\u00e3o Paulo com Jo\u00e3o Roberto Marinho, do Grupo Globo, para discutir a cobertura de&hellip; <\/p>\n","protected":false},"author":2,"featured_media":23516,"comment_status":"closed","ping_status":"closed","sticky":false,"template":"","format":"standard","meta":{"sfsi_plus_gutenberg_text_before_share":"","sfsi_plus_gutenberg_show_text_before_share":"","sfsi_plus_gutenberg_icon_type":"","sfsi_plus_gutenberg_icon_alignemt":"","sfsi_plus_gutenburg_max_per_row":"","footnotes":""},"categories":[11],"tags":[],"class_list":["post-35438","post","type-post","status-publish","format-standard","has-post-thumbnail","hentry","category-politica"],"_links":{"self":[{"href":"https:\/\/www.caririemacao.com\/1\/wp-json\/wp\/v2\/posts\/35438","targetHints":{"allow":["GET"]}}],"collection":[{"href":"https:\/\/www.caririemacao.com\/1\/wp-json\/wp\/v2\/posts"}],"about":[{"href":"https:\/\/www.caririemacao.com\/1\/wp-json\/wp\/v2\/types\/post"}],"author":[{"embeddable":true,"href":"https:\/\/www.caririemacao.com\/1\/wp-json\/wp\/v2\/users\/2"}],"replies":[{"embeddable":true,"href":"https:\/\/www.caririemacao.com\/1\/wp-json\/wp\/v2\/comments?post=35438"}],"version-history":[{"count":0,"href":"https:\/\/www.caririemacao.com\/1\/wp-json\/wp\/v2\/posts\/35438\/revisions"}],"wp:featuredmedia":[{"embeddable":true,"href":"https:\/\/www.caririemacao.com\/1\/wp-json\/wp\/v2\/media\/23516"}],"wp:attachment":[{"href":"https:\/\/www.caririemacao.com\/1\/wp-json\/wp\/v2\/media?parent=35438"}],"wp:term":[{"taxonomy":"category","embeddable":true,"href":"https:\/\/www.caririemacao.com\/1\/wp-json\/wp\/v2\/categories?post=35438"},{"taxonomy":"post_tag","embeddable":true,"href":"https:\/\/www.caririemacao.com\/1\/wp-json\/wp\/v2\/tags?post=35438"}],"curies":[{"name":"wp","href":"https:\/\/api.w.org\/{rel}","templated":true}]}}