{"id":35445,"date":"2017-12-21T11:09:22","date_gmt":"2017-12-21T14:09:22","guid":{"rendered":"http:\/\/caririemacao.com\/1\/?p=35445"},"modified":"2017-12-21T11:09:22","modified_gmt":"2017-12-21T14:09:22","slug":"policiais-irao-paralisar-atividades-por-24-horas-na-paraiba","status":"publish","type":"post","link":"https:\/\/www.caririemacao.com\/1\/2017\/12\/21\/policiais-irao-paralisar-atividades-por-24-horas-na-paraiba\/","title":{"rendered":"Policiais ir\u00e3o paralisar atividades por 24 horas na Para\u00edba"},"content":{"rendered":"<p>Policiais civis da Para\u00edba paralisam as atividades na pr\u00f3xima quarta-feira (27), conforme definido em Assembleia Geral Extraordin\u00e1ria realizada pela Associa\u00e7\u00e3o dos Policiais Civis de Carreira da Para\u00edba (ASPOL), no dia 14 de dezembro. Na ocasi\u00e3o, os agentes, escriv\u00e3es e motoristas deliberaram por paralisa\u00e7\u00f5es e a primeira ocorrer\u00e1 j\u00e1 na pr\u00f3xima semana.<\/p>\n<p>Durante a paralisa\u00e7\u00e3o de 24 horas, n\u00e3o ser\u00e3o realizadas dilig\u00eancias como mandados de busca e apreens\u00e3o, mandados de pris\u00e3o, opera\u00e7\u00f5es policiais, nem servi\u00e7os de cart\u00f3rio. Ser\u00e1 mantido 30% do efetivo para atendimento apenas de situa\u00e7\u00f5es emergenciais de flagrante delito.<\/p>\n<p>Os policiais civis est\u00e3o sendo orientados a seguir as diretrizes da Opera\u00e7\u00e3o Padr\u00e3o, que foi aprovada em Assembleia Geral. Essa Opera\u00e7\u00e3o visa valorizar os cargos dos investigadores criminais, a partir do cumprimento do Artigo 6\u00ba do C\u00f3digo de Processo Penal: fazer a autoridade policial comparecer aos locais de crime; n\u00e3o receber os vest\u00edgios entregues pelo perito criminal no local de crime, pois \u00e9 dever do delegado de pol\u00edcia, e n\u00e3o iniciar procedimentos criminais at\u00e9 a chegada da autoridade policial, porque isso \u00e9 atribui\u00e7\u00e3o do delegado.<\/p>\n<p>\u201cA ASPOL e seus mais de mil policiais associados lutam pelo respeito e valoriza\u00e7\u00e3o dos policiais que trabalham em equipe e dentro da legalidade. O modelo de gest\u00e3o de alguns delegados, pautado na arbitrariedade e persegui\u00e7\u00e3o, tem colocado a ASPOL num momento de externar os problemas para a sociedade saber o que est\u00e1 ocorrendo contra os investigadores (agentes, escriv\u00e3es e motoristas) que tanto se dedicam pela seguran\u00e7a p\u00fablica. A ASPOL tem responsabilidade com a Pol\u00edcia Civil e, por isso, conta com o apoio de outras entidades classistas e tamb\u00e9m do Minist\u00e9rio P\u00fablico, nesse processo de moraliza\u00e7\u00e3o que se faz necess\u00e1rio\u201d, disse a presidente da ASPOL\/PB, Suana Melo.<\/p>\n<p><strong>CARIRI EM A\u00c7\u00c3O<\/strong><\/p>\n<p><em>Com Wscom\/Foto: Reprodu\u00e7\u00e3o google\u00a0\u00a0 <\/em><\/p>\n<p><strong>Leia mais not\u00edcias em\u00a0<\/strong><a href=\"http:\/\/www.caririemacao.com\/\"><strong>caririemacao.com<\/strong><\/a><strong>, siga nossa p\u00e1gina no\u00a0<\/strong><a href=\"https:\/\/www.facebook.com\/CaririEmAcao\/?ref=aymt_homepage_panel\"><strong>Facebook<\/strong><\/a>,<strong>\u00a0<\/strong><a href=\"https:\/\/www.instagram.com\/cariri_em_acao\/?hl=pt-br\"><strong>Instagram<\/strong><\/a><strong>\u00a0e <\/strong><a href=\"https:\/\/www.youtube.com\/channel\/UCAptA0jQuYQy8vMhLt2m4qg\"><strong>Youtube<\/strong><\/a><strong>\u00a0e veja nossas mat\u00e9rias, v\u00eddeos e fotos. Voc\u00ea tamb\u00e9m pode enviar informa\u00e7\u00f5es \u00e0 Reda\u00e7\u00e3o do Portal Cariri em A\u00e7\u00e3o pelo WhatsApp (83) 9 9634.5791, (83) 9 9601-1162.<\/strong><\/p>\n","protected":false},"excerpt":{"rendered":"<p>Policiais civis da Para\u00edba paralisam as atividades na pr\u00f3xima quarta-feira (27), conforme definido em Assembleia Geral Extraordin\u00e1ria realizada pela Associa\u00e7\u00e3o dos Policiais Civis de Carreira&hellip; <\/p>\n","protected":false},"author":2,"featured_media":35049,"comment_status":"closed","ping_status":"closed","sticky":false,"template":"","format":"standard","meta":{"sfsi_plus_gutenberg_text_before_share":"","sfsi_plus_gutenberg_show_text_before_share":"","sfsi_plus_gutenberg_icon_type":"","sfsi_plus_gutenberg_icon_alignemt":"","sfsi_plus_gutenburg_max_per_row":"","footnotes":""},"categories":[2],"tags":[],"class_list":["post-35445","post","type-post","status-publish","format-standard","has-post-thumbnail","hentry","category-geral"],"_links":{"self":[{"href":"https:\/\/www.caririemacao.com\/1\/wp-json\/wp\/v2\/posts\/35445","targetHints":{"allow":["GET"]}}],"collection":[{"href":"https:\/\/www.caririemacao.com\/1\/wp-json\/wp\/v2\/posts"}],"about":[{"href":"https:\/\/www.caririemacao.com\/1\/wp-json\/wp\/v2\/types\/post"}],"author":[{"embeddable":true,"href":"https:\/\/www.caririemacao.com\/1\/wp-json\/wp\/v2\/users\/2"}],"replies":[{"embeddable":true,"href":"https:\/\/www.caririemacao.com\/1\/wp-json\/wp\/v2\/comments?post=35445"}],"version-history":[{"count":0,"href":"https:\/\/www.caririemacao.com\/1\/wp-json\/wp\/v2\/posts\/35445\/revisions"}],"wp:featuredmedia":[{"embeddable":true,"href":"https:\/\/www.caririemacao.com\/1\/wp-json\/wp\/v2\/media\/35049"}],"wp:attachment":[{"href":"https:\/\/www.caririemacao.com\/1\/wp-json\/wp\/v2\/media?parent=35445"}],"wp:term":[{"taxonomy":"category","embeddable":true,"href":"https:\/\/www.caririemacao.com\/1\/wp-json\/wp\/v2\/categories?post=35445"},{"taxonomy":"post_tag","embeddable":true,"href":"https:\/\/www.caririemacao.com\/1\/wp-json\/wp\/v2\/tags?post=35445"}],"curies":[{"name":"wp","href":"https:\/\/api.w.org\/{rel}","templated":true}]}}