{"id":35446,"date":"2017-12-21T11:29:26","date_gmt":"2017-12-21T14:29:26","guid":{"rendered":"http:\/\/caririemacao.com\/1\/?p=35446"},"modified":"2017-12-21T11:29:26","modified_gmt":"2017-12-21T14:29:26","slug":"paraiba-tem-415-mil-servidores-publicos-que-acumulam-cargos-diz-tce","status":"publish","type":"post","link":"https:\/\/www.caririemacao.com\/1\/2017\/12\/21\/paraiba-tem-415-mil-servidores-publicos-que-acumulam-cargos-diz-tce\/","title":{"rendered":"Para\u00edba tem 41,5 mil servidores p\u00fablicos que acumulam cargos, diz TCE"},"content":{"rendered":"<div class=\"mc-column content-media content-media--normal  content-photo\" data-block-type=\"backstage-photo\" data-block-id=\"0\">\n<div class=\"content-media__container\">\n<div class=\"content-media__description-centered \">\n<p class=\"content-media__description\">Um levantamento feito pelo Tribunal de Contas do Estado da Para\u00edba (TCE-PB) e divulgado nesta quarta-feira (20) apontou que mais de 41,5 mil servidores p\u00fablicos acumulam cargos p\u00fablicos. A maioria deles, 38.219 det\u00eam dois v\u00ednculos. Em um dos casos extremos, o TCE-PB identificou um m\u00e9dico que acumula oito cargos p\u00fablicos, sendo cinco contratos de excepcional interesse p\u00fablico, quando a contrata\u00e7\u00e3o \u00e9 feita sem sele\u00e7\u00e3o ou concurso p\u00fablico.<\/p>\n<\/div>\n<\/div>\n<\/div>\n<div class=\"mc-column content-text active-extra-styles \" data-block-type=\"unstyled\" data-block-weight=\"53\" data-block-id=\"3\">\n<p class=\"content-text__container \" data-track-category=\"Link no Texto\" data-track-links=\"\">Ainda de acordo com\u00a0<a href=\"https:\/\/portal.tce.pb.gov.br\/paineis-de-acompanhamento\/acumulacao-de-vinculos-publicos\/\" target=\"_blank\" rel=\"noopener\">a ferramenta divulgada pelo TCE-PB<\/a>, o m\u00e9dico que acumula oito cargos, na esfera estadual e municipais, mant\u00e9m um rendimento mensal de R$ 74,6 mil, acima do teto de remunera\u00e7\u00e3o previsto na Constitui\u00e7\u00e3o cuja refer\u00eancia \u00e9 o sal\u00e1rio de um ministro do Supremo Tribunal Federal, fixado em R$ 33,7 mil.<\/p>\n<\/div>\n<div class=\"mc-column content-text active-extra-styles \" data-block-type=\"unstyled\" data-block-weight=\"63\" data-block-id=\"4\">\n<p class=\"content-text__container \" data-track-category=\"Link no Texto\" data-track-links=\"\">Dos nove servidores p\u00fablicos com seis cargos acumulados ou mais, sete s\u00e3o m\u00e9dicos, de acordo com a lista do TCE-PB. O presidente do TCE-PB, o conselheiro Andr\u00e9 Carlo Torres Pontes, explicou que a lista n\u00e3o analisa a legalidade destas acumula\u00e7\u00f5es. Para ele, a ferramenta serve de orienta\u00e7\u00e3o aos gestores para as adequa\u00e7\u00f5es, tendo em vista que existem v\u00e1rias situa\u00e7\u00f5es que permitem as acumula\u00e7\u00f5es.<\/p>\n<\/div>\n<div class=\"mc-column content-text active-extra-styles \" data-block-type=\"unstyled\" data-block-weight=\"21\" data-block-id=\"5\">\n<p class=\"content-text__container \" data-track-category=\"Link no Texto\" data-track-links=\"\">\u201cO TCE vai identificar casos pontuais para formaliza\u00e7\u00e3o de processo e determinar corre\u00e7\u00f5es e adequa\u00e7\u00f5es \u00e0 legalidade em outras situa\u00e7\u00f5es\u201d, explicou.<\/p>\n<\/div>\n<div class=\"mc-column content-text active-extra-styles \" data-block-type=\"unstyled\" data-block-weight=\"54\" data-block-id=\"6\">\n<p class=\"content-text__container \" data-track-category=\"Link no Texto\" data-track-links=\"\">Os dados mostram tamb\u00e9m que existem 41.592 servidores que acumulam cargos, sendo que 38.219 det\u00eam dois v\u00ednculos p\u00fablicos. Outros 3.029 est\u00e3o acumulando tr\u00eas cargos. Com quatro v\u00ednculos existem 298 servidores, 37 est\u00e3o com cinco cargos, seis acumulam seis, dois com sete e um com oito v\u00ednculos, cinco deles de contrata\u00e7\u00e3o por excepcional interesse p\u00fablico.<\/p>\n<\/div>\n<div data-track-category=\"fim do conteudo\" data-track-action=\"ultimo chunk conteudo\" data-track-noninteraction=\"false\" data-track-scroll=\"entrada completa viewport\">\n<div class=\"mc-column content-text active-extra-styles \" data-block-type=\"unstyled\" data-block-weight=\"45\" data-block-id=\"7\">\n<p class=\"content-text__container \" data-track-category=\"Link no Texto\" data-track-links=\"\">O painel de Acumula\u00e7\u00e3o de V\u00ednculos P\u00fablicos foi elaborado a partir de um levantamento que envolve todos os meses de 2017, identificando a situa\u00e7\u00e3o do servidor a cada m\u00eas de compet\u00eancia e aponta a quantidade de v\u00ednculo em unidades das esferas federal, estadual e municipal.<\/p>\n<\/div>\n<\/div>\n<p><strong>CARIRI EM A\u00c7\u00c3O<\/strong><\/p>\n<p><em>Com Brasil 247\/Foto: Reprodu\u00e7\u00e3o google\u00a0\u00a0 <\/em><\/p>\n<p><strong>Leia mais not\u00edcias em\u00a0<\/strong><a href=\"http:\/\/www.caririemacao.com\/\"><strong>caririemacao.com<\/strong><\/a><strong>, siga nossa p\u00e1gina no\u00a0<\/strong><a href=\"https:\/\/www.facebook.com\/CaririEmAcao\/?ref=aymt_homepage_panel\"><strong>Facebook<\/strong><\/a>,<strong>\u00a0<\/strong><a href=\"https:\/\/www.instagram.com\/cariri_em_acao\/?hl=pt-br\"><strong>Instagram<\/strong><\/a><strong>\u00a0e <\/strong><a href=\"https:\/\/www.youtube.com\/channel\/UCAptA0jQuYQy8vMhLt2m4qg\"><strong>Youtube<\/strong><\/a><strong>\u00a0e veja nossas mat\u00e9rias, v\u00eddeos e fotos. Voc\u00ea tamb\u00e9m pode enviar informa\u00e7\u00f5es \u00e0 Reda\u00e7\u00e3o do Portal Cariri em A\u00e7\u00e3o pelo WhatsApp (83) 9 9634.5791, (83) 9 9601-1162.<\/strong><\/p>\n","protected":false},"excerpt":{"rendered":"<p>Um levantamento feito pelo Tribunal de Contas do Estado da Para\u00edba (TCE-PB) e divulgado nesta quarta-feira (20) apontou que mais de 41,5 mil servidores p\u00fablicos&hellip; <\/p>\n","protected":false},"author":2,"featured_media":33483,"comment_status":"closed","ping_status":"closed","sticky":false,"template":"","format":"standard","meta":{"sfsi_plus_gutenberg_text_before_share":"","sfsi_plus_gutenberg_show_text_before_share":"","sfsi_plus_gutenberg_icon_type":"","sfsi_plus_gutenberg_icon_alignemt":"","sfsi_plus_gutenburg_max_per_row":"","footnotes":""},"categories":[2],"tags":[],"class_list":["post-35446","post","type-post","status-publish","format-standard","has-post-thumbnail","hentry","category-geral"],"_links":{"self":[{"href":"https:\/\/www.caririemacao.com\/1\/wp-json\/wp\/v2\/posts\/35446","targetHints":{"allow":["GET"]}}],"collection":[{"href":"https:\/\/www.caririemacao.com\/1\/wp-json\/wp\/v2\/posts"}],"about":[{"href":"https:\/\/www.caririemacao.com\/1\/wp-json\/wp\/v2\/types\/post"}],"author":[{"embeddable":true,"href":"https:\/\/www.caririemacao.com\/1\/wp-json\/wp\/v2\/users\/2"}],"replies":[{"embeddable":true,"href":"https:\/\/www.caririemacao.com\/1\/wp-json\/wp\/v2\/comments?post=35446"}],"version-history":[{"count":0,"href":"https:\/\/www.caririemacao.com\/1\/wp-json\/wp\/v2\/posts\/35446\/revisions"}],"wp:featuredmedia":[{"embeddable":true,"href":"https:\/\/www.caririemacao.com\/1\/wp-json\/wp\/v2\/media\/33483"}],"wp:attachment":[{"href":"https:\/\/www.caririemacao.com\/1\/wp-json\/wp\/v2\/media?parent=35446"}],"wp:term":[{"taxonomy":"category","embeddable":true,"href":"https:\/\/www.caririemacao.com\/1\/wp-json\/wp\/v2\/categories?post=35446"},{"taxonomy":"post_tag","embeddable":true,"href":"https:\/\/www.caririemacao.com\/1\/wp-json\/wp\/v2\/tags?post=35446"}],"curies":[{"name":"wp","href":"https:\/\/api.w.org\/{rel}","templated":true}]}}