{"id":35448,"date":"2017-12-21T11:34:04","date_gmt":"2017-12-21T14:34:04","guid":{"rendered":"http:\/\/caririemacao.com\/1\/?p=35448"},"modified":"2017-12-21T11:39:51","modified_gmt":"2017-12-21T14:39:51","slug":"prefeita-de-monteiro-anuncia-construcao-da-sede-da-filarmonica","status":"publish","type":"post","link":"https:\/\/www.caririemacao.com\/1\/2017\/12\/21\/prefeita-de-monteiro-anuncia-construcao-da-sede-da-filarmonica\/","title":{"rendered":"Prefeita de Monteiro anuncia constru\u00e7\u00e3o da sede da Filarm\u00f4nica"},"content":{"rendered":"<div class=\"contentPost\">\n<p>A prefeita Anna Lorena reuniu na manh\u00e3 desta quarta-feira, 20, em seu gabinete na sede da Prefeitura Municipal, os m\u00fasicos da Banda Filarm\u00f4nica Sebasti\u00e3o de Oliveira Brito, oportunidade que entregou a cada um dos 36 m\u00fasicos duas unidades do novo fardamento composto de cal\u00e7a, camisa, gravata e cinto.<\/p>\n<p>Ao lado da secret\u00e1ria de Cultura e Turismo Christianne Leal e da secret\u00e1ria Executiva da pasta, Eliane Andrade, a prefeita parabenizou a dedica\u00e7\u00e3o dos m\u00fasicos, enalteceu o profissionalismo e reafirmou o compromisso de investir cada vez mais na cultura e no turismo de Monteiro.<\/p>\n<p>Quebrando uma expectativa de muitos anos, a prefeita Anna Lorena anunciou a constru\u00e7\u00e3o da sede pr\u00f3pria da Filarm\u00f4nica Municipal, recebendo aplausos dos m\u00fasicos que h\u00e1 anos lutam por uma sede pr\u00f3pria. \u201cNo \u00faltimo domingo, quando da visita do deputado federal Wellington Roberto ao nosso munic\u00edpio, apresentamos juntamente com a secret\u00e1ria Christianne Leal o pedido para que o deputado inclu\u00edsse em suas emendas parlamentares recursos para a constru\u00e7\u00e3o da sede pr\u00f3pria para a Banda Filarm\u00f4nica de nosso munic\u00edpio, o que foi prontamente atendido pelo deputado Wellington Roberto\u201d, disse Anna Lorena.<\/p>\n<p>V\u00e1rios m\u00fasicos presentes \u00e0 solenidade fizeram uso da palavra e tiveram a oportunidade de apresentar sugest\u00f5es e reivindica\u00e7\u00f5es, que foram registradas pela prefeita Anna Lorena. Na oportunidade foi entregue e a prefeita uma minuta de um regimento interno a ser implantado pelo munic\u00edpio.<\/p>\n<p>O encontro da prefeita Anna Lorena com os m\u00fasicos da Filarm\u00f4nica Municipal Sebasti\u00e3o de Oliveira Brito contou com a presen\u00e7a do vice-prefeito Celecileno Alves, do presidente da C\u00e2mara de Vereadores<\/p>\n<p>Bero de Bertino, dos vereadores Raul Formiga, Toinho de Nequinho, Edilson Mendes (Cour\u00e3o) e Caj\u00f3 Menezes, al\u00e9m dos secret\u00e1rios municipais Fred Menezes (Comunica\u00e7\u00e3o), Rosa Aleixo (Desenvolvimento Social) e da equipe do gabinete da prefeita.<\/p>\n<\/div>\n<p><strong>CARIRI EM A\u00c7\u00c3O<\/strong><\/p>\n<p><em>Com Ascom\/Foto: Reprodu\u00e7\u00e3o google\u00a0\u00a0 <\/em><\/p>\n<p><strong>Leia mais not\u00edcias em\u00a0<\/strong><a href=\"http:\/\/www.caririemacao.com\/\"><strong>caririemacao.com<\/strong><\/a><strong>, siga nossa p\u00e1gina no\u00a0<\/strong><a href=\"https:\/\/www.facebook.com\/CaririEmAcao\/?ref=aymt_homepage_panel\"><strong>Facebook<\/strong><\/a>,<strong>\u00a0<\/strong><a href=\"https:\/\/www.instagram.com\/cariri_em_acao\/?hl=pt-br\"><strong>Instagram<\/strong><\/a><strong>\u00a0e <\/strong><a href=\"https:\/\/www.youtube.com\/channel\/UCAptA0jQuYQy8vMhLt2m4qg\"><strong>Youtube<\/strong><\/a><strong>\u00a0e veja nossas mat\u00e9rias, v\u00eddeos e fotos. Voc\u00ea tamb\u00e9m pode enviar informa\u00e7\u00f5es \u00e0 Reda\u00e7\u00e3o do Portal Cariri em A\u00e7\u00e3o pelo WhatsApp (83) 9 9634.5791, (83) 9 9601-1162.<\/strong><\/p>\n","protected":false},"excerpt":{"rendered":"<p>A prefeita Anna Lorena reuniu na manh\u00e3 desta quarta-feira, 20, em seu gabinete na sede da Prefeitura Municipal, os m\u00fasicos da Banda Filarm\u00f4nica Sebasti\u00e3o de&hellip; <\/p>\n","protected":false},"author":2,"featured_media":35451,"comment_status":"closed","ping_status":"closed","sticky":false,"template":"","format":"standard","meta":{"sfsi_plus_gutenberg_text_before_share":"","sfsi_plus_gutenberg_show_text_before_share":"","sfsi_plus_gutenberg_icon_type":"","sfsi_plus_gutenberg_icon_alignemt":"","sfsi_plus_gutenburg_max_per_row":"","footnotes":""},"categories":[6],"tags":[],"class_list":["post-35448","post","type-post","status-publish","format-standard","has-post-thumbnail","hentry","category-cidades"],"_links":{"self":[{"href":"https:\/\/www.caririemacao.com\/1\/wp-json\/wp\/v2\/posts\/35448","targetHints":{"allow":["GET"]}}],"collection":[{"href":"https:\/\/www.caririemacao.com\/1\/wp-json\/wp\/v2\/posts"}],"about":[{"href":"https:\/\/www.caririemacao.com\/1\/wp-json\/wp\/v2\/types\/post"}],"author":[{"embeddable":true,"href":"https:\/\/www.caririemacao.com\/1\/wp-json\/wp\/v2\/users\/2"}],"replies":[{"embeddable":true,"href":"https:\/\/www.caririemacao.com\/1\/wp-json\/wp\/v2\/comments?post=35448"}],"version-history":[{"count":0,"href":"https:\/\/www.caririemacao.com\/1\/wp-json\/wp\/v2\/posts\/35448\/revisions"}],"wp:featuredmedia":[{"embeddable":true,"href":"https:\/\/www.caririemacao.com\/1\/wp-json\/wp\/v2\/media\/35451"}],"wp:attachment":[{"href":"https:\/\/www.caririemacao.com\/1\/wp-json\/wp\/v2\/media?parent=35448"}],"wp:term":[{"taxonomy":"category","embeddable":true,"href":"https:\/\/www.caririemacao.com\/1\/wp-json\/wp\/v2\/categories?post=35448"},{"taxonomy":"post_tag","embeddable":true,"href":"https:\/\/www.caririemacao.com\/1\/wp-json\/wp\/v2\/tags?post=35448"}],"curies":[{"name":"wp","href":"https:\/\/api.w.org\/{rel}","templated":true}]}}