{"id":35458,"date":"2017-12-21T18:42:15","date_gmt":"2017-12-21T21:42:15","guid":{"rendered":"http:\/\/caririemacao.com\/1\/?p=35458"},"modified":"2017-12-21T18:42:15","modified_gmt":"2017-12-21T21:42:15","slug":"escola-do-distrito-de-malhada-de-roca-ganha-premio-escola-de-valor-do-governo-da-pb","status":"publish","type":"post","link":"https:\/\/www.caririemacao.com\/1\/2017\/12\/21\/escola-do-distrito-de-malhada-de-roca-ganha-premio-escola-de-valor-do-governo-da-pb\/","title":{"rendered":"Escola do distrito de Malhada de Ro\u00e7a ganha pr\u00eamio Escola de Valor do Governo da PB"},"content":{"rendered":"<p>A Escola Estadual Severino Medeiros Ramos do distrito de Malhada de Ro\u00e7a de S\u00e3o Jo\u00e3o do Cariri foi contemplada, na \u00faltima segunda-feira (18) com o Pr\u00eamio Escola de Valor, ocupando a 1\u00aa posi\u00e7\u00e3o na Regi\u00e3o do Cariri.<\/p>\n<p><img fetchpriority=\"high\" decoding=\"async\" class=\"aligncenter wp-image-35460 size-full\" src=\"http:\/\/caririemacao.com\/1\/wp-content\/uploads\/2017\/12\/Iwnrgo9aehrg97awehr9gtazwh0r8y.jpg\" alt=\"\" width=\"811\" height=\"274\" srcset=\"https:\/\/www.caririemacao.com\/1\/wp-content\/uploads\/2017\/12\/Iwnrgo9aehrg97awehr9gtazwh0r8y.jpg 811w, https:\/\/www.caririemacao.com\/1\/wp-content\/uploads\/2017\/12\/Iwnrgo9aehrg97awehr9gtazwh0r8y-300x101.jpg 300w, https:\/\/www.caririemacao.com\/1\/wp-content\/uploads\/2017\/12\/Iwnrgo9aehrg97awehr9gtazwh0r8y-768x259.jpg 768w\" sizes=\"(max-width: 811px) 100vw, 811px\" \/><\/p>\n<p>O Pr\u00eamio Escola de Valor \u00e9 uma iniciativa do Governo do Estado da Para\u00edba, por interm\u00e9dio da Secretaria de Estado da Educa\u00e7\u00e3o, que consiste no fomento, sele\u00e7\u00e3o, valoriza\u00e7\u00e3o e premia\u00e7\u00e3o das experi\u00eancias administrativas e pr\u00e1ticas pedag\u00f3gicas exitosas, resultantes de a\u00e7\u00f5es integradas e executadas por profissionais de educa\u00e7\u00e3o em exerc\u00edcio e lotados nas escolas p\u00fablicas estaduais de Educa\u00e7\u00e3o B\u00e1sica, e que, comprovadamente, estejam tendo sucesso no enfrentamento dos desafios no processo de ensino e de aprendizagem.<\/p>\n<p>Como recompensas os profissionais de educa\u00e7\u00e3o da escola ir\u00e3o receber o 14\u00ba sal\u00e1rio, no valor correspondente a uma remunera\u00e7\u00e3o mensal.<\/p>\n<p>Em contato com a reportagem do site Cariri em A\u00e7\u00e3o, o diretor da Escola, Alberto Ara\u00fajo, enviou uma nota onde agradece a todos que fazem a institui\u00e7\u00e3o de ensino.<\/p>\n<p><strong>Confira a nota na integra<\/strong><\/p>\n<p>A Educa\u00e7\u00e3o nunca foi t\u00e3o primordial como tem sido nos \u00faltimos tempos. A sociedade, numa busca constante pela lapida\u00e7\u00e3o do pr\u00f3prio \u201cEU\u201d, tem enxergado na sala de aula a ferramenta primordial para uma melhor sociedade, por um ser-humano mais eficaz e preparado para os desafios da humanidade. E \u00e9 isso que a escola tem por Magnum Opus: aprimorar o aluno e torn\u00e1-lo apto aos desafios que o cercam; acrescentar nele o que h\u00e1 melhor de conhecimentos e sabedoria.<\/p>\n<p>N\u00f3s, que compomos a Escola Estadual Severino Medeiros Ramos, estamos felizes por tantas metas alcan\u00e7adas, por erguer t\u00e3o habilmente a bandeira da educa\u00e7\u00e3o. Num trip\u00e9 escola-comunidade-conhecimento, temos constru\u00eddo um alunado apto a buscar seus ideais no caminho vital. Nosso corpo docente, visando uma educa\u00e7\u00e3o mais ampla e detalhista, tem dado o seu melhor. Em suma, \u00e9 hora de agradecer: primeiramente a Deus, por capacitar-nos e fazer de n\u00f3s verdadeiros semeadores de conhecimento; aos professores que comp\u00f5e esse educand\u00e1rio, nosso sustent\u00e1culo principal; ao Distrito de Malhada da Ro\u00e7a \u2013 representado pelos pais e alunos, nosso p\u00fablico t\u00e3o importante \u2013 \u00e0 Secretaria de Educa\u00e7\u00e3o do Estado e a toda a equipe que comp\u00f5e a referida escola. \u00c9 atrav\u00e9s dessa valiosa parceria que hoje nos congratulamos pelas conquistas de 2017: Alcan\u00e7ar a nota 5.89 no IDEPB, colocando-nos na 1\u00aa posi\u00e7\u00e3o, entre as vinte e sete escolas pertencentes \u00e0 5\u00aa Regi\u00e3o de Ensino do Estado, levando-nos a obter o pr\u00eamio ESCOLA DE VALOR. Diante tantas conquistas, encerramos nosso ano letivo com a certeza que valeu a pena todas as nossas conquistas e que a Escola Severino Medeiros Ramos \u00e9, sem sombra de d\u00favidas, uma grande vencedora!<\/p>\n<p>Jos\u00e9 Alberto Ara\u00fajo de Queiroz, Diretor.<\/p>\n<p><strong>CARIRI EM A\u00c7\u00c3O<\/strong><em>\u00a0\u00a0<\/em><\/p>\n<p><strong>Leia mais not\u00edcias em\u00a0<\/strong><a href=\"http:\/\/www.caririemacao.com\/\"><strong>caririemacao.com<\/strong><\/a><strong>, siga nossa p\u00e1gina no\u00a0<\/strong><a href=\"https:\/\/www.facebook.com\/CaririEmAcao\/?ref=aymt_homepage_panel\"><strong>Facebook<\/strong><\/a>,<strong>\u00a0<\/strong><a href=\"https:\/\/www.instagram.com\/cariri_em_acao\/?hl=pt-br\"><strong>Instagram<\/strong><\/a><strong>\u00a0e <\/strong><a href=\"https:\/\/www.youtube.com\/channel\/UCAptA0jQuYQy8vMhLt2m4qg\"><strong>Youtube<\/strong><\/a><strong>\u00a0e veja nossas mat\u00e9rias, v\u00eddeos e fotos. Voc\u00ea tamb\u00e9m pode enviar informa\u00e7\u00f5es \u00e0 Reda\u00e7\u00e3o do Portal Cariri em A\u00e7\u00e3o pelo WhatsApp (83) 9 9634.5791, (83) 9 9601-1162.<\/strong><\/p>\n","protected":false},"excerpt":{"rendered":"<p>A Escola Estadual Severino Medeiros Ramos do distrito de Malhada de Ro\u00e7a de S\u00e3o Jo\u00e3o do Cariri foi contemplada, na \u00faltima segunda-feira (18) com o&hellip; <\/p>\n","protected":false},"author":2,"featured_media":35459,"comment_status":"closed","ping_status":"closed","sticky":false,"template":"","format":"standard","meta":{"sfsi_plus_gutenberg_text_before_share":"","sfsi_plus_gutenberg_show_text_before_share":"","sfsi_plus_gutenberg_icon_type":"","sfsi_plus_gutenberg_icon_alignemt":"","sfsi_plus_gutenburg_max_per_row":"","footnotes":""},"categories":[6],"tags":[],"class_list":["post-35458","post","type-post","status-publish","format-standard","has-post-thumbnail","hentry","category-cidades"],"_links":{"self":[{"href":"https:\/\/www.caririemacao.com\/1\/wp-json\/wp\/v2\/posts\/35458","targetHints":{"allow":["GET"]}}],"collection":[{"href":"https:\/\/www.caririemacao.com\/1\/wp-json\/wp\/v2\/posts"}],"about":[{"href":"https:\/\/www.caririemacao.com\/1\/wp-json\/wp\/v2\/types\/post"}],"author":[{"embeddable":true,"href":"https:\/\/www.caririemacao.com\/1\/wp-json\/wp\/v2\/users\/2"}],"replies":[{"embeddable":true,"href":"https:\/\/www.caririemacao.com\/1\/wp-json\/wp\/v2\/comments?post=35458"}],"version-history":[{"count":0,"href":"https:\/\/www.caririemacao.com\/1\/wp-json\/wp\/v2\/posts\/35458\/revisions"}],"wp:featuredmedia":[{"embeddable":true,"href":"https:\/\/www.caririemacao.com\/1\/wp-json\/wp\/v2\/media\/35459"}],"wp:attachment":[{"href":"https:\/\/www.caririemacao.com\/1\/wp-json\/wp\/v2\/media?parent=35458"}],"wp:term":[{"taxonomy":"category","embeddable":true,"href":"https:\/\/www.caririemacao.com\/1\/wp-json\/wp\/v2\/categories?post=35458"},{"taxonomy":"post_tag","embeddable":true,"href":"https:\/\/www.caririemacao.com\/1\/wp-json\/wp\/v2\/tags?post=35458"}],"curies":[{"name":"wp","href":"https:\/\/api.w.org\/{rel}","templated":true}]}}