{"id":35462,"date":"2017-12-21T18:53:44","date_gmt":"2017-12-21T21:53:44","guid":{"rendered":"http:\/\/caririemacao.com\/1\/?p=35462"},"modified":"2017-12-21T18:57:30","modified_gmt":"2017-12-21T21:57:30","slug":"carmen-lucia-nega-pedido-para-suspender-prisao-de-maluf","status":"publish","type":"post","link":"https:\/\/www.caririemacao.com\/1\/2017\/12\/21\/carmen-lucia-nega-pedido-para-suspender-prisao-de-maluf\/","title":{"rendered":"C\u00e1rmen L\u00facia nega pedido para suspender pris\u00e3o de Maluf"},"content":{"rendered":"<p>A presidente do Supremo Tribunal Federal (STF), C\u00e1rmen L\u00facia, negou hoje (21) pedido para suspender a execu\u00e7\u00e3o da condena\u00e7\u00e3o do deputado federal Paulo Maluf (PP-SP). O parlamentar se entregou \u00e0 Pol\u00edcia Federal nesta quarta-feira (20) ap\u00f3s o ministro do Supremo Tribunal Federal (STF) Edson Fachin expedir mandado de pris\u00e3o para cumprimento definitivo da pena de 7 anos e 9 meses em regime fechado na Penitenci\u00e1ria da Papuda, em Bras\u00edlia.<\/p>\n<p>Segundo a den\u00fancia do Minist\u00e9rio P\u00fablico, Maluf recebeu propina de contratos p\u00fablicos com as empreiteiras Mendes J\u00fanior e OAS, no per\u00edodo em que foi prefeito da cidade de S\u00e3o Paulo (1993-1996). Os recursos teriam sido desviados da constru\u00e7\u00e3o da Avenida \u00c1gua Espraiada, hoje chamada Avenida Roberto Marinho. O custo total da obra foi cerca de R$ 800 milh\u00f5es.<\/p>\n<p>As investiga\u00e7\u00f5es se arrastaram por mais de 10 anos, desde a instaura\u00e7\u00e3o do primeiro inqu\u00e9rito contra o ex-prefeito, ainda na primeira inst\u00e2ncia da Justi\u00e7a. Os procurados estimaram em US$ 170 milh\u00f5es a movimenta\u00e7\u00e3o total de recursos il\u00edcitos. O Supremo assumiu o caso ap\u00f3s a elei\u00e7\u00e3o de Maluf como deputado.<\/p>\n<p>Na decis\u00e3o, a ministra entendeu que n\u00e3o h\u00e1 urg\u00eancia processual que justifique o deferimento da liminar durante o recesso do Judici\u00e1rio. A ministra tamb\u00e9m afirmou que Maluf teve chance de apresentar defesa durante os 10 anos de tramita\u00e7\u00e3o do processo desde a senten\u00e7a de primeiro grau.<\/p>\n<p>\u201cBom direito n\u00e3o arrasta processos por d\u00e9cadas sem conseguir provar sequer sua exist\u00eancia! Mesmo num sistema processual emaranhado e dificultoso como o vigente no Brasil\u201d, afirmou a ministra.<\/p>\n<p><strong>Transfer\u00eancia<\/strong><\/p>\n<p>Mais cedo, o juiz Bruno Aielo Macacari, da Vara de Execu\u00e7\u00f5es Penais (VEP) do Distrito Federal, enviou of\u00edcio \u00e0 Pol\u00edcia Federal (PF) para cobrar a imediata transfer\u00eancia do deputado federal Paulo Maluf (PP-SP) para Bras\u00edlia. O parlamentar se entregou na sede da PF em S\u00e3o Paulo, ap\u00f3s expedi\u00e7\u00e3o do mandado de pris\u00e3o, mas a data da transfer\u00eancia ainda n\u00e3o foi divulgada.<\/p>\n<p>Na decis\u00e3o, o juiz explicou que o delegado respons\u00e1vel pelo caso pediu que Maluf passe por uma per\u00edcia m\u00e9dica em S\u00e3o Paulo, pois aparenta debilidade f\u00edsica pela idade avan\u00e7ada. Ao decidir a quest\u00e3o, no entanto, Macacari afirmou que o relat\u00f3rio de presen\u00e7a do deputado na C\u00e2mara \u201cevidencia a possibilidade de nova viagem para esta capital federal, consubstanciando-se em apenas mais uma dentre as muitas que certamente fez ao longo da sess\u00e3o legislativa do ano corrente\u201d. De acordo com o registro, Maluf esteve na Casa pela \u00faltima vez no dia 7 de dezembro.<\/p>\n<p>Mais cedo, a VEP tamb\u00e9m determinou a realiza\u00e7\u00e3o de per\u00edcia m\u00e9dica oficial em Bras\u00edlia para avaliar se o deputado poder\u00e1 cumprir pris\u00e3o domiciliar humanit\u00e1ria por ter 86 anos e problemas de sa\u00fade. O pedido para o parlamentar n\u00e3o ser levado para a Penitenci\u00e1ria da Papuda, em Bras\u00edlia, e cumprir pena em casa foi feito nesta quarta-feira por seus advogados.<\/p>\n<p><strong>CARIRI EM A\u00c7\u00c3O<\/strong><\/p>\n<p><em>Com Ag\u00eancia Brasil \/Foto: Reprodu\u00e7\u00e3o google\u00a0\u00a0 <\/em><\/p>\n<p><strong>Leia mais not\u00edcias em\u00a0<\/strong><a href=\"http:\/\/www.caririemacao.com\/\"><strong>caririemacao.com<\/strong><\/a><strong>, siga nossa p\u00e1gina no\u00a0<\/strong><a href=\"https:\/\/www.facebook.com\/CaririEmAcao\/?ref=aymt_homepage_panel\"><strong>Facebook<\/strong><\/a>,<strong>\u00a0<\/strong><a href=\"https:\/\/www.instagram.com\/cariri_em_acao\/?hl=pt-br\"><strong>Instagram<\/strong><\/a><strong>\u00a0e <\/strong><a href=\"https:\/\/www.youtube.com\/channel\/UCAptA0jQuYQy8vMhLt2m4qg\"><strong>Youtube<\/strong><\/a><strong>\u00a0e veja nossas mat\u00e9rias, v\u00eddeos e fotos. Voc\u00ea tamb\u00e9m pode enviar informa\u00e7\u00f5es \u00e0 Reda\u00e7\u00e3o do Portal Cariri em A\u00e7\u00e3o pelo WhatsApp (83) 9 9634.5791, (83) 9 9601-1162.<\/strong><\/p>\n","protected":false},"excerpt":{"rendered":"<p>A presidente do Supremo Tribunal Federal (STF), C\u00e1rmen L\u00facia, negou hoje (21) pedido para suspender a execu\u00e7\u00e3o da condena\u00e7\u00e3o do deputado federal Paulo Maluf (PP-SP).&hellip; <\/p>\n","protected":false},"author":2,"featured_media":12079,"comment_status":"closed","ping_status":"closed","sticky":false,"template":"","format":"standard","meta":{"sfsi_plus_gutenberg_text_before_share":"","sfsi_plus_gutenberg_show_text_before_share":"","sfsi_plus_gutenberg_icon_type":"","sfsi_plus_gutenberg_icon_alignemt":"","sfsi_plus_gutenburg_max_per_row":"","footnotes":""},"categories":[11],"tags":[],"class_list":["post-35462","post","type-post","status-publish","format-standard","has-post-thumbnail","hentry","category-politica"],"_links":{"self":[{"href":"https:\/\/www.caririemacao.com\/1\/wp-json\/wp\/v2\/posts\/35462","targetHints":{"allow":["GET"]}}],"collection":[{"href":"https:\/\/www.caririemacao.com\/1\/wp-json\/wp\/v2\/posts"}],"about":[{"href":"https:\/\/www.caririemacao.com\/1\/wp-json\/wp\/v2\/types\/post"}],"author":[{"embeddable":true,"href":"https:\/\/www.caririemacao.com\/1\/wp-json\/wp\/v2\/users\/2"}],"replies":[{"embeddable":true,"href":"https:\/\/www.caririemacao.com\/1\/wp-json\/wp\/v2\/comments?post=35462"}],"version-history":[{"count":0,"href":"https:\/\/www.caririemacao.com\/1\/wp-json\/wp\/v2\/posts\/35462\/revisions"}],"wp:featuredmedia":[{"embeddable":true,"href":"https:\/\/www.caririemacao.com\/1\/wp-json\/wp\/v2\/media\/12079"}],"wp:attachment":[{"href":"https:\/\/www.caririemacao.com\/1\/wp-json\/wp\/v2\/media?parent=35462"}],"wp:term":[{"taxonomy":"category","embeddable":true,"href":"https:\/\/www.caririemacao.com\/1\/wp-json\/wp\/v2\/categories?post=35462"},{"taxonomy":"post_tag","embeddable":true,"href":"https:\/\/www.caririemacao.com\/1\/wp-json\/wp\/v2\/tags?post=35462"}],"curies":[{"name":"wp","href":"https:\/\/api.w.org\/{rel}","templated":true}]}}