{"id":35464,"date":"2017-12-21T18:56:07","date_gmt":"2017-12-21T21:56:07","guid":{"rendered":"http:\/\/caririemacao.com\/1\/?p=35464"},"modified":"2017-12-21T18:56:07","modified_gmt":"2017-12-21T21:56:07","slug":"com-6-de-aprovacao-temer-diz-que-tera-indice-muito-maior-ate-meados-de-2018","status":"publish","type":"post","link":"https:\/\/www.caririemacao.com\/1\/2017\/12\/21\/com-6-de-aprovacao-temer-diz-que-tera-indice-muito-maior-ate-meados-de-2018\/","title":{"rendered":"Com 6% de aprova\u00e7\u00e3o, Temer diz que ter\u00e1 \u00edndice &#8216;muito maior&#8217; at\u00e9 meados de 2018"},"content":{"rendered":"<p>Em tom otimista, o presidente\u00a0<strong>Michel Temer<\/strong>\u00a0disse, nesta quarta-feira, acreditar que chegar\u00e1 at\u00e9 maio de 2018 com &#8220;\u00edndice muito maior&#8221; de aprova\u00e7\u00e3o ao governo. Pesquisa\u00a0<strong>CNI\/Ibope<\/strong>divulgada hoje mostrou que a avalia\u00e7\u00e3o do presidente subiu de\u00a0<strong>3%<\/strong>\u00a0para\u00a0<strong>6%<\/strong>, n\u00famero ainda muito baixo. O Datafolha mais recente mostrou apenas 5% de avalia\u00e7\u00e3o \u00e0 administra\u00e7\u00e3o do peemedebista.<\/p>\n<p>\u2014 Come\u00e7ou agora e vai continuar (a subir a avalia\u00e7\u00e3o). Seguramente essa aprova\u00e7\u00e3o ao governo vai continuar, e nossa previs\u00e3o \u00e9 que, ao final do primeiro trimestre, mar\u00e7o, abril, maio, o governo estar\u00e1 com um \u00edndice muito maior, espero que muito elevado, tendo em vista o reconhecimento pelo que o governo est\u00e1 fazendo. Tenho a mais absoluta convic\u00e7\u00e3o de que isso vai acontecer \u2014 afirmou Temer.<\/p>\n<p>A desaprova\u00e7\u00e3o ao governo vinha subindo desde junho de 2016, quando foi realizado o primeiro levantamento. Na ocasi\u00e3o, 39% dos entrevistados avaliavam o governo como ruim ou p\u00e9ssimo. No in\u00edcio deste ano, Temer era aprovado por 10% dos entrevistados. 55% consideravam o governo ruim ou p\u00e9ssimo e 31%, regular. Outros 4% n\u00e3o souberam opinar ou n\u00e3o responderam.<\/p>\n<p><strong>CARIRI EM A\u00c7\u00c3O<\/strong><\/p>\n<p><em>Com Ag\u00eancia O Globo \/Foto: Reprodu\u00e7\u00e3o google\u00a0\u00a0 <\/em><\/p>\n<p><strong>Leia mais not\u00edcias em\u00a0<\/strong><a href=\"http:\/\/www.caririemacao.com\/\"><strong>caririemacao.com<\/strong><\/a><strong>, siga nossa p\u00e1gina no\u00a0<\/strong><a href=\"https:\/\/www.facebook.com\/CaririEmAcao\/?ref=aymt_homepage_panel\"><strong>Facebook<\/strong><\/a>,<strong>\u00a0<\/strong><a href=\"https:\/\/www.instagram.com\/cariri_em_acao\/?hl=pt-br\"><strong>Instagram<\/strong><\/a><strong>\u00a0e <\/strong><a href=\"https:\/\/www.youtube.com\/channel\/UCAptA0jQuYQy8vMhLt2m4qg\"><strong>Youtube<\/strong><\/a><strong>\u00a0e veja nossas mat\u00e9rias, v\u00eddeos e fotos. Voc\u00ea tamb\u00e9m pode enviar informa\u00e7\u00f5es \u00e0 Reda\u00e7\u00e3o do Portal Cariri em A\u00e7\u00e3o pelo WhatsApp (83) 9 9634.5791, (83) 9 9601-1162.<\/strong><\/p>\n","protected":false},"excerpt":{"rendered":"<p>Em tom otimista, o presidente\u00a0Michel Temer\u00a0disse, nesta quarta-feira, acreditar que chegar\u00e1 at\u00e9 maio de 2018 com &#8220;\u00edndice muito maior&#8221; de aprova\u00e7\u00e3o ao governo. Pesquisa\u00a0CNI\/Ibopedivulgada hoje&hellip; <\/p>\n","protected":false},"author":2,"featured_media":23671,"comment_status":"closed","ping_status":"closed","sticky":false,"template":"","format":"standard","meta":{"sfsi_plus_gutenberg_text_before_share":"","sfsi_plus_gutenberg_show_text_before_share":"","sfsi_plus_gutenberg_icon_type":"","sfsi_plus_gutenberg_icon_alignemt":"","sfsi_plus_gutenburg_max_per_row":"","footnotes":""},"categories":[11],"tags":[],"class_list":["post-35464","post","type-post","status-publish","format-standard","has-post-thumbnail","hentry","category-politica"],"_links":{"self":[{"href":"https:\/\/www.caririemacao.com\/1\/wp-json\/wp\/v2\/posts\/35464","targetHints":{"allow":["GET"]}}],"collection":[{"href":"https:\/\/www.caririemacao.com\/1\/wp-json\/wp\/v2\/posts"}],"about":[{"href":"https:\/\/www.caririemacao.com\/1\/wp-json\/wp\/v2\/types\/post"}],"author":[{"embeddable":true,"href":"https:\/\/www.caririemacao.com\/1\/wp-json\/wp\/v2\/users\/2"}],"replies":[{"embeddable":true,"href":"https:\/\/www.caririemacao.com\/1\/wp-json\/wp\/v2\/comments?post=35464"}],"version-history":[{"count":0,"href":"https:\/\/www.caririemacao.com\/1\/wp-json\/wp\/v2\/posts\/35464\/revisions"}],"wp:featuredmedia":[{"embeddable":true,"href":"https:\/\/www.caririemacao.com\/1\/wp-json\/wp\/v2\/media\/23671"}],"wp:attachment":[{"href":"https:\/\/www.caririemacao.com\/1\/wp-json\/wp\/v2\/media?parent=35464"}],"wp:term":[{"taxonomy":"category","embeddable":true,"href":"https:\/\/www.caririemacao.com\/1\/wp-json\/wp\/v2\/categories?post=35464"},{"taxonomy":"post_tag","embeddable":true,"href":"https:\/\/www.caririemacao.com\/1\/wp-json\/wp\/v2\/tags?post=35464"}],"curies":[{"name":"wp","href":"https:\/\/api.w.org\/{rel}","templated":true}]}}