{"id":35466,"date":"2017-12-21T19:01:31","date_gmt":"2017-12-21T22:01:31","guid":{"rendered":"http:\/\/caririemacao.com\/1\/?p=35466"},"modified":"2017-12-21T19:01:31","modified_gmt":"2017-12-21T22:01:31","slug":"assembleia-da-onu-rejeita-decisao-dos-eua-sobre-jerusalem","status":"publish","type":"post","link":"https:\/\/www.caririemacao.com\/1\/2017\/12\/21\/assembleia-da-onu-rejeita-decisao-dos-eua-sobre-jerusalem\/","title":{"rendered":"Assembleia da ONU rejeita decis\u00e3o dos EUA sobre Jerusal\u00e9m"},"content":{"rendered":"<p>A Assembleia-Geral das\u00a0Na\u00e7\u00f5es Unidas\u00a0votou a favor de uma resolu\u00e7\u00e3o que pede a retirada do reconhecimento de\u00a0Jerusal\u00e9m\u00a0como capital israelense pelos\u00a0Estados Unidos. O texto afirma que qualquer decis\u00e3o individual sobre o status da cidade \u00e9 \u201cnula e sem validade\u201d e deve ser cancelada imediatamente.<\/p>\n<p>A resolu\u00e7\u00e3o foi aprovada por 128 Estados da ONU, com 35 absten\u00e7\u00f5es e apenas nove votos contr\u00e1rios. A vota\u00e7\u00e3o foi alvo de uma forte press\u00e3o da administra\u00e7\u00e3o de\u00a0Donald Trump, que amea\u00e7ou cortar os fundos humanit\u00e1rios dos pa\u00edses que apoiarem a medida.<\/p>\n<p>A resolu\u00e7\u00e3o que a Assembleia de 193 pa\u00edses aprovou n\u00e3o menciona a decis\u00e3o de Trump, mas expressa \u201cuma profunda preocupa\u00e7\u00e3o com as recentes decis\u00f5es acerca do estatuto de Jerusal\u00e9m\u201d. Apesar de ser uma decis\u00e3o simb\u00f3lica, n\u00e3o vinculativa, demonstra mais uma vez o descontentamento geral com a medida americana.<\/p>\n<p>Anunciada em 6 de dezembro, a\u00a0decis\u00e3o de Trump de reconhecer Jerusal\u00e9mrompeu com o consenso internacional de que o status da cidade s\u00f3 seria definido com negocia\u00e7\u00f5es entre israelenses e palestinos, deflagrou protestos em todo mundo mu\u00e7ulmano e provocou uma forte condena\u00e7\u00e3o da comunidade internacional.<\/p>\n<p>A Assembleia-Geral realizou a sess\u00e3o de emerg\u00eancia desta quinta para votar a proposta depois que\u00a0os Estados Unidos vetaram um texto similar na segunda-feira\u00a0no Conselho de Seguran\u00e7a.<\/p>\n<p>Turquia\u00a0e\u00a0I\u00eamen\u00a0solicitaram a reuni\u00e3o urgente da Assembleia em nome do grupo de pa\u00edses \u00e1rabes e da Organiza\u00e7\u00e3o de Coopera\u00e7\u00e3o Isl\u00e2mica (OCI). Ao contr\u00e1rio do Conselho de Seguran\u00e7a, nenhum pa\u00eds tem poder de veto na Assembleia Geral.<\/p>\n<p>Os pa\u00edses que votaram contra a resolu\u00e7\u00e3o nessa quinta, al\u00e9m de Estados Unidos e Israel, foram Guatemala, Honduras, Ilhas Marshall, Micron\u00e9sia, Nauru, Palau e Togo.<\/p>\n<h3>Amea\u00e7as americanas<\/h3>\n<p>A aprova\u00e7\u00e3o da resolu\u00e7\u00e3o ocorreu apesar das amea\u00e7as de\u00a0Nikki Haley, embaixadora americana na ONU, que disse que Washington lembraria quais na\u00e7\u00f5es \u201cdesrespeitaram\u201d os Estados Unidos votando contra seu pa\u00eds.<\/p>\n<p>Na ter\u00e7a-feira, o ministro palestino das Rela\u00e7\u00f5es Exteriores, Riyad al-Malki, j\u00e1 havia criticado os Estados Unidos por suas amea\u00e7as constantes. \u201cOs Estados Unidos est\u00e3o cometendo outro erro ao (\u2026) amea\u00e7ar os pa\u00edses e suas decis\u00f5es soberanas sobre como votar\u201d, declarou Al-Malki.<\/p>\n<p>Antes da vota\u00e7\u00e3o, o presidente turco,\u00a0Recep Tayyip Erdogan, tamb\u00e9m pediu que o mundo n\u00e3o se deixasse comprar pelos d\u00f3lares do governo americano. \u201cChamam os Estados Unidos de ber\u00e7o da democracia. O ber\u00e7o da democracia tenta comprar com d\u00f3lares a vontade do mundo\u201d, afirmou o l\u00edder turco em discurso em Ancara, transmitido ao vivo pela emissora CNNT\u00fcrk.<\/p>\n<p>Os palestinos comemoraram o resultado da vota\u00e7\u00e3o. \u201cEsta decis\u00e3o reafirma que a justa causa dos palestinos tem o apoio internacional (\u2026) Vamos prosseguir com os nossos esfor\u00e7os na ONU e em outros f\u00f3runs internacionais para acabar com a ocupa\u00e7\u00e3o (israelense) e criar um Estado palestino tendo Jerusal\u00e9m Oriental como capital\u201d, afirmou o porta-voz do presidente palestino\u00a0Mahmud Abbas.<\/p>\n<p>O primeiro-ministro israelense,\u00a0Benjamin Netanyahu, rejeitou a vota\u00e7\u00e3o desta quinta na ONU \u2013 \u201cuma casa das mentiras\u201d, segundo ele. \u201cJerusal\u00e9m \u00e9 a capital de Israel, reconhe\u00e7a a ONU, ou n\u00e3o\u201d, frisou antes mesmo da aprova\u00e7\u00e3o da resolu\u00e7\u00e3o.<\/p>\n<p><strong>CARIRI EM A\u00c7\u00c3O<\/strong><\/p>\n<p><em>Com Veja \/Foto: Reprodu\u00e7\u00e3o google\u00a0\u00a0 <\/em><\/p>\n<p><strong>Leia mais not\u00edcias em\u00a0<\/strong><a href=\"http:\/\/www.caririemacao.com\/\"><strong>caririemacao.com<\/strong><\/a><strong>, siga nossa p\u00e1gina no\u00a0<\/strong><a href=\"https:\/\/www.facebook.com\/CaririEmAcao\/?ref=aymt_homepage_panel\"><strong>Facebook<\/strong><\/a>,<strong>\u00a0<\/strong><a href=\"https:\/\/www.instagram.com\/cariri_em_acao\/?hl=pt-br\"><strong>Instagram<\/strong><\/a><strong>\u00a0e <\/strong><a href=\"https:\/\/www.youtube.com\/channel\/UCAptA0jQuYQy8vMhLt2m4qg\"><strong>Youtube<\/strong><\/a><strong>\u00a0e veja nossas mat\u00e9rias, v\u00eddeos e fotos. Voc\u00ea tamb\u00e9m pode enviar informa\u00e7\u00f5es \u00e0 Reda\u00e7\u00e3o do Portal Cariri em A\u00e7\u00e3o pelo WhatsApp (83) 9 9634.5791, (83) 9 9601-1162.<\/strong><\/p>\n","protected":false},"excerpt":{"rendered":"<p>A Assembleia-Geral das\u00a0Na\u00e7\u00f5es Unidas\u00a0votou a favor de uma resolu\u00e7\u00e3o que pede a retirada do reconhecimento de\u00a0Jerusal\u00e9m\u00a0como capital israelense pelos\u00a0Estados Unidos. O texto afirma que qualquer&hellip; <\/p>\n","protected":false},"author":2,"featured_media":35467,"comment_status":"closed","ping_status":"closed","sticky":false,"template":"","format":"standard","meta":{"sfsi_plus_gutenberg_text_before_share":"","sfsi_plus_gutenberg_show_text_before_share":"","sfsi_plus_gutenberg_icon_type":"","sfsi_plus_gutenberg_icon_alignemt":"","sfsi_plus_gutenburg_max_per_row":"","footnotes":""},"categories":[2],"tags":[],"class_list":["post-35466","post","type-post","status-publish","format-standard","has-post-thumbnail","hentry","category-geral"],"_links":{"self":[{"href":"https:\/\/www.caririemacao.com\/1\/wp-json\/wp\/v2\/posts\/35466","targetHints":{"allow":["GET"]}}],"collection":[{"href":"https:\/\/www.caririemacao.com\/1\/wp-json\/wp\/v2\/posts"}],"about":[{"href":"https:\/\/www.caririemacao.com\/1\/wp-json\/wp\/v2\/types\/post"}],"author":[{"embeddable":true,"href":"https:\/\/www.caririemacao.com\/1\/wp-json\/wp\/v2\/users\/2"}],"replies":[{"embeddable":true,"href":"https:\/\/www.caririemacao.com\/1\/wp-json\/wp\/v2\/comments?post=35466"}],"version-history":[{"count":0,"href":"https:\/\/www.caririemacao.com\/1\/wp-json\/wp\/v2\/posts\/35466\/revisions"}],"wp:featuredmedia":[{"embeddable":true,"href":"https:\/\/www.caririemacao.com\/1\/wp-json\/wp\/v2\/media\/35467"}],"wp:attachment":[{"href":"https:\/\/www.caririemacao.com\/1\/wp-json\/wp\/v2\/media?parent=35466"}],"wp:term":[{"taxonomy":"category","embeddable":true,"href":"https:\/\/www.caririemacao.com\/1\/wp-json\/wp\/v2\/categories?post=35466"},{"taxonomy":"post_tag","embeddable":true,"href":"https:\/\/www.caririemacao.com\/1\/wp-json\/wp\/v2\/tags?post=35466"}],"curies":[{"name":"wp","href":"https:\/\/api.w.org\/{rel}","templated":true}]}}