{"id":35468,"date":"2017-12-21T19:02:19","date_gmt":"2017-12-21T22:02:19","guid":{"rendered":"http:\/\/caririemacao.com\/1\/?p=35468"},"modified":"2017-12-21T19:02:19","modified_gmt":"2017-12-21T22:02:19","slug":"meirelles-admite-alta-de-impostos-por-meta-fiscal","status":"publish","type":"post","link":"https:\/\/www.caririemacao.com\/1\/2017\/12\/21\/meirelles-admite-alta-de-impostos-por-meta-fiscal\/","title":{"rendered":"Meirelles admite alta de impostos por meta fiscal"},"content":{"rendered":"<p>O ministro da Fazenda, Henrique Meirelles, negou nesta quinta-feira rumores de que a ag\u00eancia Standard &amp; Poor&#8217;s tenha antecipado um rebaixamento do Brasil em fun\u00e7\u00e3o do adiamento da vota\u00e7\u00e3o da reforma da Previd\u00eancia, que ficou para fevereiro no Congresso. Meirelles disse ter garantido \u00e0 institui\u00e7\u00e3o que a meta fiscal e o teto de gastos ser\u00e3o cumpridos, nem que para isso seja necess\u00e1rio recorrer a um eventual aumento de impostos e contingenciamentos.<\/p>\n<p>\u2014 N\u00e3o procede a informa\u00e7\u00e3o de que teria havido uma antecipa\u00e7\u00e3o de qualquer movimento de rating \u2014 afirmou Meirelles.<\/p>\n<p>\u2014 Frisei para as ag\u00eancias que na \u00e1rea de arrecada\u00e7\u00e3o existem mais alternativas, essa \u00e9 uma quest\u00e3o que ser\u00e1 enfrentada de outras maneiras. Porque, decerto, se pode aumentar impostos de outra \u00e1rea, de outra forma, e que n\u00e3o estejam sujeitos \u00e0 anualidade \u2014 afirmou o ministro, comentando a dificuldade de aprovar a tributa\u00e7\u00e3o de fundos exclusivos.<\/p>\n<p>\u2014 N\u00e3o temos no momento uma decis\u00e3o: &#8216;vai aumentar imposto&#8217;. Existem alternativas que est\u00e3o sendo estudadas pela Recita Federal \u2014 emendou Meirelles.<\/p>\n<p>Ele disse que que apenas vem atualizando as ag\u00eancias de risco sobre a evolu\u00e7\u00e3o de pautas internas do pa\u00eds, como a reforma e o reajuste dos servidores.<\/p>\n<p>\u2014 Na realidade, o que fizemos foi uma atualiza\u00e7\u00e3o para as tr\u00eas ag\u00eancias (Moody&#8217;s, Fitch e Standard &amp; Poor&#8217;s). Expliquei exatamente qual foi a raz\u00e3o e a din\u00e2mica da vota\u00e7\u00e3o da Previd\u00eancia ser marcada para fevereiro.<\/p>\n<p>Meirelles evitou definir o que considera um prazo limite para a vota\u00e7\u00e3o da reforma da Previd\u00eancia, mas colocou o in\u00edcio do segundo semestre de 2018, quando come\u00e7a oficialmente a corrida eleitoral, como um cen\u00e1rio invi\u00e1vel:<\/p>\n<p>\u2014 \u00c9 dif\u00edcil dizer que se passar de fevereiro ou mar\u00e7o, n\u00e3o anda mais (&#8230;). Tem chande de votar em agosto? A\u00ed acho que n\u00e3o. Depois das conven\u00e7\u00f5es partid\u00e1rias, \u00e9 normal que os parlamentares estejam muito dedicados ao processo eleitoral.<\/p>\n<p>Sobre o impasse em rela\u00e7\u00e3o ao reajuste dos servidores, o ministro afirmou que, independentemente da medida judicial que a Advocacia-Geral da Uni\u00e3o (AGU) estuda tomar, o governo tem &#8220;alternativa&#8221; caso o aumento seja confirmado e amplie ainda mais o rombo fiscal.<\/p>\n<p>\u2014 Em \u00faltima an\u00e1lise, pode-se estudar outras coisas, inclusive o que foi feito este ano, o contingenciamento. A mensagem \u00e9: vamos cumprir a meta fiscal e o teto, evidentemente -afirmou Meirelles<\/p>\n<p><strong>CARIRI EM A\u00c7\u00c3O<\/strong><\/p>\n<p><em>Com O Globo\/Foto: Reprodu\u00e7\u00e3o google\u00a0\u00a0 <\/em><\/p>\n<p><strong>Leia mais not\u00edcias em\u00a0<\/strong><a href=\"http:\/\/www.caririemacao.com\/\"><strong>caririemacao.com<\/strong><\/a><strong>, siga nossa p\u00e1gina no\u00a0<\/strong><a href=\"https:\/\/www.facebook.com\/CaririEmAcao\/?ref=aymt_homepage_panel\"><strong>Facebook<\/strong><\/a>,<strong>\u00a0<\/strong><a href=\"https:\/\/www.instagram.com\/cariri_em_acao\/?hl=pt-br\"><strong>Instagram<\/strong><\/a><strong>\u00a0e <\/strong><a href=\"https:\/\/www.youtube.com\/channel\/UCAptA0jQuYQy8vMhLt2m4qg\"><strong>Youtube<\/strong><\/a><strong>\u00a0e veja nossas mat\u00e9rias, v\u00eddeos e fotos. Voc\u00ea tamb\u00e9m pode enviar informa\u00e7\u00f5es \u00e0 Reda\u00e7\u00e3o do Portal Cariri em A\u00e7\u00e3o pelo WhatsApp (83) 9 9634.5791, (83) 9 9601-1162.<\/strong><\/p>\n","protected":false},"excerpt":{"rendered":"<p>O ministro da Fazenda, Henrique Meirelles, negou nesta quinta-feira rumores de que a ag\u00eancia Standard &amp; Poor&#8217;s tenha antecipado um rebaixamento do Brasil em fun\u00e7\u00e3o&hellip; <\/p>\n","protected":false},"author":2,"featured_media":25735,"comment_status":"closed","ping_status":"closed","sticky":false,"template":"","format":"standard","meta":{"sfsi_plus_gutenberg_text_before_share":"","sfsi_plus_gutenberg_show_text_before_share":"","sfsi_plus_gutenberg_icon_type":"","sfsi_plus_gutenberg_icon_alignemt":"","sfsi_plus_gutenburg_max_per_row":"","footnotes":""},"categories":[11],"tags":[],"class_list":["post-35468","post","type-post","status-publish","format-standard","has-post-thumbnail","hentry","category-politica"],"_links":{"self":[{"href":"https:\/\/www.caririemacao.com\/1\/wp-json\/wp\/v2\/posts\/35468","targetHints":{"allow":["GET"]}}],"collection":[{"href":"https:\/\/www.caririemacao.com\/1\/wp-json\/wp\/v2\/posts"}],"about":[{"href":"https:\/\/www.caririemacao.com\/1\/wp-json\/wp\/v2\/types\/post"}],"author":[{"embeddable":true,"href":"https:\/\/www.caririemacao.com\/1\/wp-json\/wp\/v2\/users\/2"}],"replies":[{"embeddable":true,"href":"https:\/\/www.caririemacao.com\/1\/wp-json\/wp\/v2\/comments?post=35468"}],"version-history":[{"count":0,"href":"https:\/\/www.caririemacao.com\/1\/wp-json\/wp\/v2\/posts\/35468\/revisions"}],"wp:featuredmedia":[{"embeddable":true,"href":"https:\/\/www.caririemacao.com\/1\/wp-json\/wp\/v2\/media\/25735"}],"wp:attachment":[{"href":"https:\/\/www.caririemacao.com\/1\/wp-json\/wp\/v2\/media?parent=35468"}],"wp:term":[{"taxonomy":"category","embeddable":true,"href":"https:\/\/www.caririemacao.com\/1\/wp-json\/wp\/v2\/categories?post=35468"},{"taxonomy":"post_tag","embeddable":true,"href":"https:\/\/www.caririemacao.com\/1\/wp-json\/wp\/v2\/tags?post=35468"}],"curies":[{"name":"wp","href":"https:\/\/api.w.org\/{rel}","templated":true}]}}