{"id":35471,"date":"2017-12-21T19:09:27","date_gmt":"2017-12-21T22:09:27","guid":{"rendered":"http:\/\/caririemacao.com\/1\/?p=35471"},"modified":"2017-12-21T19:09:27","modified_gmt":"2017-12-21T22:09:27","slug":"por-falta-de-garantias-jair-bolsonaro-pode-nao-se-filiar-ao-patriota","status":"publish","type":"post","link":"https:\/\/www.caririemacao.com\/1\/2017\/12\/21\/por-falta-de-garantias-jair-bolsonaro-pode-nao-se-filiar-ao-patriota\/","title":{"rendered":"Por \u2018falta de garantias\u2019, Jair Bolsonaro pode n\u00e3o se filiar ao Patriota"},"content":{"rendered":"<section class=\"l-noticia\">\u201cFalta de garantias por parte do partido\u201d. \u00c9 assim que o presidente do Patriota (ex-PEN) na Para\u00edba, Julian Lemos, resume a situa\u00e7\u00e3o da indefini\u00e7\u00e3o de filia\u00e7\u00e3o do deputado federal Jair Bolsonaro no partido. Partido tamb\u00e9m pode passar por novas mudan\u00e7as no estado, e talvez tenha debandada dos membros que seguem o parlamentar.<\/p>\n<p>De acordo com a imprensa nacional, a filia\u00e7\u00e3o do parlamentar est\u00e1 amea\u00e7ada e, inclusive, outros partidos j\u00e1 est\u00e3o assediando o deputado em busca de sua admiss\u00e3o \u2013 dentre eles o Livres (ex-PSL), com quem Bolsonaro j\u00e1 se reuniu em reuni\u00e3o com Luciano Bivar, presidente nacional da sigla liberal.<\/p>\n<p>\u201cEle est\u00e1 muito tranquilo quanto a isso. Tem v\u00e1rios \u2018namoros\u2019, ele estava com um p\u00e9 no Patriotas. S\u00f3 que para ir ao Patriotas se fazem necess\u00e1rios garantias jur\u00eddicas, e de mando dentro do partido. Todos somos mortais, ningu\u00e9m vai ficar em cima da palavra de ningu\u00e9m, tem que estar no papel, e assim as coisas andam. Entendemos que a lideran\u00e7a \u00e9 de Jair e n\u00e3o [de Adilson] Barroso. Ainda ficaram muitas coisas para se esclarecer, como fundo partid\u00e1rio, entre outros. E de conversa, ningu\u00e9m vive de conversa\u201d, afirmou Julian Lemos ao Blog do Gordinho.<\/p>\n<p>A lideran\u00e7a dentro do partido parecer ser um dos cernes do imbr\u00f3glio, conforme declara\u00e7\u00e3o de Julian Lemos. \u201cO Patriota, que era PEN, tinha perfil do Adilson Barroso, a lideran\u00e7a dele e com as pessoas dele. Quando o Jair tem a expectativa de ir para o Patriota, o perfil dele \u00e9 que se segue dentro o partido, e a lideran\u00e7a passa a ser ele e n\u00e3o Barroso\u201d, explicou.<\/p>\n<p>Ainda sobre quest\u00e3o de lideran\u00e7a e perfil ideol\u00f3gico, Lemos destacou que o grupo de Jair Bolsonaro segue \u201cum plano de pa\u00eds. Os interesses de acordo partid\u00e1rio que n\u00e3o tem alinhamento com nosso pensamento ideol\u00f3gico n\u00e3o nos interessa\u201d.<\/p>\n<p><strong>Debandada<\/strong><\/p>\n<p>Caso Bolsonaro n\u00e3o filie-se ao Patriota, Julian Lemos garantiu que o grupo que segue o parlamentar sair\u00e1 massivamente da sigla. \u201cTodo o pessoal de Jair Bolsonaro sai imediatamente, Jair n\u00e3o ficando, sa\u00edmos imediatamente. E com certeza iremos para outro partido, vamos seguir Bolsonaro. Para onde Jair for, a gente se acomoda. N\u00e3o temos obsess\u00e3o por poder, vamos para fazer algo de diferente\u201d, declarou o patriota.<\/p>\n<p>Para finalizar, Julian disse que \u201cJair \u00e9 a menina bonita da pra\u00e7a, que \u201ctodos querem conversar com ele\u201d.<\/p>\n<\/section>\n<p><strong>CARIRI EM A\u00c7\u00c3O<\/strong><\/p>\n<p><em>Com\u00a0Para\u00edba\u00a0j\u00e1 \/Foto: Reprodu\u00e7\u00e3o google\u00a0\u00a0 <\/em><\/p>\n<p><strong>Leia mais not\u00edcias em\u00a0<\/strong><a href=\"http:\/\/www.caririemacao.com\/\"><strong>caririemacao.com<\/strong><\/a><strong>, siga nossa p\u00e1gina no\u00a0<\/strong><a href=\"https:\/\/www.facebook.com\/CaririEmAcao\/?ref=aymt_homepage_panel\"><strong>Facebook<\/strong><\/a>,<strong>\u00a0<\/strong><a href=\"https:\/\/www.instagram.com\/cariri_em_acao\/?hl=pt-br\"><strong>Instagram<\/strong><\/a><strong>\u00a0e <\/strong><a href=\"https:\/\/www.youtube.com\/channel\/UCAptA0jQuYQy8vMhLt2m4qg\"><strong>Youtube<\/strong><\/a><strong>\u00a0e veja nossas mat\u00e9rias, v\u00eddeos e fotos. Voc\u00ea tamb\u00e9m pode enviar informa\u00e7\u00f5es \u00e0 Reda\u00e7\u00e3o do Portal Cariri em A\u00e7\u00e3o pelo WhatsApp (83) 9 9634.5791, (83) 9 9601-1162.<\/strong><\/p>\n","protected":false},"excerpt":{"rendered":"<p>\u201cFalta de garantias por parte do partido\u201d. \u00c9 assim que o presidente do Patriota (ex-PEN) na Para\u00edba, Julian Lemos, resume a situa\u00e7\u00e3o da indefini\u00e7\u00e3o de&hellip; <\/p>\n","protected":false},"author":2,"featured_media":35474,"comment_status":"closed","ping_status":"closed","sticky":false,"template":"","format":"standard","meta":{"sfsi_plus_gutenberg_text_before_share":"","sfsi_plus_gutenberg_show_text_before_share":"","sfsi_plus_gutenberg_icon_type":"","sfsi_plus_gutenberg_icon_alignemt":"","sfsi_plus_gutenburg_max_per_row":"","footnotes":""},"categories":[11],"tags":[],"class_list":["post-35471","post","type-post","status-publish","format-standard","has-post-thumbnail","hentry","category-politica"],"_links":{"self":[{"href":"https:\/\/www.caririemacao.com\/1\/wp-json\/wp\/v2\/posts\/35471","targetHints":{"allow":["GET"]}}],"collection":[{"href":"https:\/\/www.caririemacao.com\/1\/wp-json\/wp\/v2\/posts"}],"about":[{"href":"https:\/\/www.caririemacao.com\/1\/wp-json\/wp\/v2\/types\/post"}],"author":[{"embeddable":true,"href":"https:\/\/www.caririemacao.com\/1\/wp-json\/wp\/v2\/users\/2"}],"replies":[{"embeddable":true,"href":"https:\/\/www.caririemacao.com\/1\/wp-json\/wp\/v2\/comments?post=35471"}],"version-history":[{"count":0,"href":"https:\/\/www.caririemacao.com\/1\/wp-json\/wp\/v2\/posts\/35471\/revisions"}],"wp:featuredmedia":[{"embeddable":true,"href":"https:\/\/www.caririemacao.com\/1\/wp-json\/wp\/v2\/media\/35474"}],"wp:attachment":[{"href":"https:\/\/www.caririemacao.com\/1\/wp-json\/wp\/v2\/media?parent=35471"}],"wp:term":[{"taxonomy":"category","embeddable":true,"href":"https:\/\/www.caririemacao.com\/1\/wp-json\/wp\/v2\/categories?post=35471"},{"taxonomy":"post_tag","embeddable":true,"href":"https:\/\/www.caririemacao.com\/1\/wp-json\/wp\/v2\/tags?post=35471"}],"curies":[{"name":"wp","href":"https:\/\/api.w.org\/{rel}","templated":true}]}}