{"id":35494,"date":"2017-12-22T09:20:08","date_gmt":"2017-12-22T12:20:08","guid":{"rendered":"http:\/\/caririemacao.com\/1\/?p=35494"},"modified":"2017-12-22T09:20:08","modified_gmt":"2017-12-22T12:20:08","slug":"tite-diz-que-de-6-a-8-vagas-ainda-estao-abertas-para-a-copa","status":"publish","type":"post","link":"https:\/\/www.caririemacao.com\/1\/2017\/12\/22\/tite-diz-que-de-6-a-8-vagas-ainda-estao-abertas-para-a-copa\/","title":{"rendered":"Tite diz que de 6 a 8 vagas ainda est\u00e3o abertas para a Copa"},"content":{"rendered":"<p>Cerca de um ter\u00e7o do grupo que vai disputar a Copa do Mundo da R\u00fassia ainda n\u00e3o foi definido pelo t\u00e9cnico Tite, que afirmou nesta quinta-feira (21) que far\u00e1 novas observa\u00e7\u00f5es em 2018 antes de fechar os convocados para o Mundial.<\/p>\n<p>O treinador, que manteve uma base na disputa das eliminat\u00f3rias que o Brasil terminou em primeiro lugar, disse que tem pouco tempo de trabalho e que ainda falta muito para o Mundial da R\u00fassia para j\u00e1 definir os 23 jogadores que ir\u00e3o representar o Brasil.<\/p>\n<p>\u201cO tempo que eu tive de trabalho chegou ao est\u00e1gio de afirma\u00e7\u00e3o da equipe, de consolidar e dar carimbo\u201d, disse ele em evento em Mangaratiba, no sul do Estado do Rio de Janeiro. \u201cEu tenho s\u00f3 16 jogos (pela sele\u00e7\u00e3o) e isso \u00e9 menos de dois meses para um t\u00e9cnico. Ainda est\u00e3o abertas 6, 7 ou 8 vagas\u201d, completou. Tite n\u00e3o revelou quais jogadores est\u00e3o confirmados e aqueles que ainda precisam conquistar a confian\u00e7a do treinador para ganhar uma vaga na lista final.<\/p>\n<p>Ele, por\u00e9m, fez elogios a jogadores como o goleiro do Gr\u00eamio Marcelo Grohe, o zagueiro do time ga\u00facho Geromel e o meia do S\u00e3o Paulo Hernanes, que ainda n\u00e3o figuraram na lista do treinador. \u201cQuero ter essa press\u00e3o de receber perguntas sobre atletas que est\u00e3o em alto n\u00edvel\u201d, disse o t\u00e9cnico.<\/p>\n<p>A sele\u00e7\u00e3o brasileira, que faz no ano que vem amistosos contra R\u00fassia e Alemanha, est\u00e1 no grupo de Su\u00ed\u00e7a, S\u00e9rvia e Costa Rica na Copa do Mundo de 2018.<\/p>\n<p><strong>CARIRI EM A\u00c7\u00c3O<\/strong><\/p>\n<p><em>Com Portal Correio\/Foto: Reprodu\u00e7\u00e3o google\u00a0\u00a0 <\/em><\/p>\n<p><strong>Leia mais not\u00edcias em\u00a0<\/strong><a href=\"http:\/\/www.caririemacao.com\/\"><strong>caririemacao.com<\/strong><\/a><strong>, siga nossa p\u00e1gina no\u00a0<\/strong><a href=\"https:\/\/www.facebook.com\/CaririEmAcao\/?ref=aymt_homepage_panel\"><strong>Facebook<\/strong><\/a>,<strong>\u00a0<\/strong><a href=\"https:\/\/www.instagram.com\/cariri_em_acao\/?hl=pt-br\"><strong>Instagram<\/strong><\/a><strong>\u00a0e <\/strong><a href=\"https:\/\/www.youtube.com\/channel\/UCAptA0jQuYQy8vMhLt2m4qg\"><strong>Youtube<\/strong><\/a><strong>\u00a0e veja nossas mat\u00e9rias, v\u00eddeos e fotos. Voc\u00ea tamb\u00e9m pode enviar informa\u00e7\u00f5es \u00e0 Reda\u00e7\u00e3o do Portal Cariri em A\u00e7\u00e3o pelo WhatsApp (83) 9 9634.5791, (83) 9 9601-1162.<\/strong><\/p>\n","protected":false},"excerpt":{"rendered":"<p>Cerca de um ter\u00e7o do grupo que vai disputar a Copa do Mundo da R\u00fassia ainda n\u00e3o foi definido pelo t\u00e9cnico Tite, que afirmou nesta&hellip; <\/p>\n","protected":false},"author":2,"featured_media":35496,"comment_status":"closed","ping_status":"closed","sticky":false,"template":"","format":"standard","meta":{"sfsi_plus_gutenberg_text_before_share":"","sfsi_plus_gutenberg_show_text_before_share":"","sfsi_plus_gutenberg_icon_type":"","sfsi_plus_gutenberg_icon_alignemt":"","sfsi_plus_gutenburg_max_per_row":"","footnotes":""},"categories":[13],"tags":[],"class_list":["post-35494","post","type-post","status-publish","format-standard","has-post-thumbnail","hentry","category-esportes"],"_links":{"self":[{"href":"https:\/\/www.caririemacao.com\/1\/wp-json\/wp\/v2\/posts\/35494","targetHints":{"allow":["GET"]}}],"collection":[{"href":"https:\/\/www.caririemacao.com\/1\/wp-json\/wp\/v2\/posts"}],"about":[{"href":"https:\/\/www.caririemacao.com\/1\/wp-json\/wp\/v2\/types\/post"}],"author":[{"embeddable":true,"href":"https:\/\/www.caririemacao.com\/1\/wp-json\/wp\/v2\/users\/2"}],"replies":[{"embeddable":true,"href":"https:\/\/www.caririemacao.com\/1\/wp-json\/wp\/v2\/comments?post=35494"}],"version-history":[{"count":0,"href":"https:\/\/www.caririemacao.com\/1\/wp-json\/wp\/v2\/posts\/35494\/revisions"}],"wp:featuredmedia":[{"embeddable":true,"href":"https:\/\/www.caririemacao.com\/1\/wp-json\/wp\/v2\/media\/35496"}],"wp:attachment":[{"href":"https:\/\/www.caririemacao.com\/1\/wp-json\/wp\/v2\/media?parent=35494"}],"wp:term":[{"taxonomy":"category","embeddable":true,"href":"https:\/\/www.caririemacao.com\/1\/wp-json\/wp\/v2\/categories?post=35494"},{"taxonomy":"post_tag","embeddable":true,"href":"https:\/\/www.caririemacao.com\/1\/wp-json\/wp\/v2\/tags?post=35494"}],"curies":[{"name":"wp","href":"https:\/\/api.w.org\/{rel}","templated":true}]}}