{"id":35533,"date":"2017-12-22T11:01:15","date_gmt":"2017-12-22T14:01:15","guid":{"rendered":"http:\/\/caririemacao.com\/1\/?p=35533"},"modified":"2017-12-22T11:01:15","modified_gmt":"2017-12-22T14:01:15","slug":"congresso-do-peru-rejeita-impeachment-de-presidente-por-vinculos-com-a-odebrecht","status":"publish","type":"post","link":"https:\/\/www.caririemacao.com\/1\/2017\/12\/22\/congresso-do-peru-rejeita-impeachment-de-presidente-por-vinculos-com-a-odebrecht\/","title":{"rendered":"Congresso do Peru rejeita impeachment de presidente por v\u00ednculos com a Odebrecht"},"content":{"rendered":"<div id=\"noticia\">\n<p>O Congresso do\u00a0Peru\u00a0rejeitou, na noite desta quinta-feira (21), o pedido de impeachment apresentado pela oposi\u00e7\u00e3o contra o presidente Pedro Pablo Kuczynski, acusado de receber propina nos anos 2000 da construtora brasileira Odebrecht.<\/p>\n<p>Kuczynski foi acusado de ter &#8216;incapacidade moral&#8217; de continuar no governo do pa\u00eds, devido aos seus v\u00ednculos com a Odebrecht . O pedido de cassa\u00e7\u00e3o foi recebido em 15 de dezembro, ap\u00f3s\u00a0revela\u00e7\u00f5es de que uma empresa de consultoria do mandat\u00e1rio teria embolsado pagamentos irregulares feitos pela empreiteira.<\/p>\n<p>Ao todo, 27 de um total de 130 membros do Congresso tinham apoiado a abertura do processo de impeachment, em uma sess\u00e3o especial. O presidente, de 79 anos de idade, sempre negou as acusa\u00e7\u00f5es.<\/p>\n<p>Nesta noite, ap\u00f3s uma sess\u00e3o que durou mais de 13 horas\u00a0o pedido de cassa\u00e7\u00e3o teve 79 votos a favor. Para ser aprovado,\u00a0ele precisaria de apoio m\u00ednimo de 87 dos 130 legisladores.<\/p>\n<p>Na decis\u00e3o final, os legisladores do bloco de esquerda Novo Peru tiveram papel fundamental. Eles se retiraram antes da vota\u00e7\u00e3o e exibiram cartazes que diziam: &#8220;Nem golpismo, nem lobismo&#8221;.<\/p>\n<p>Tamb\u00e9m houve a surpreendente absten\u00e7\u00e3o de 10 legisladores do partido fujimorista For\u00e7a Popular, que domina o Congresso e tinha anunciado uma vota\u00e7\u00e3o em bloco a favor da cassa\u00e7\u00e3o.<\/p>\n<h3>&#8216;Salvar a democracia&#8217;<\/h3>\n<p>Kuczynski pediu aos congressistas que salvassem a democracia e rejeitassem o pedido de\u00a0impeachment .<\/p>\n<p>&#8220;N\u00e3o est\u00e1 em jogo a minha perman\u00eancia no cargo, est\u00e1 em jogo a estabilidade democr\u00e1tica. N\u00e3o apoiem uma vac\u00e2ncia sem sustenta\u00e7\u00e3o, porque o povo n\u00e3o esquece, nem perdoa&#8221;, afirmou o presidente.<\/p>\n<p>&#8220;Sou um homem honesto, jamais recebi uma propina, um suborno, que tenha distorcido a minha vontade. Nem minha empresa, nem eu fomos contratados pelo governo, jamais incorri em conflito de interesses&#8221;, frisou.<\/p>\n<h3>Crise no Peru<\/h3>\n<p>Na\u00a0semana passada, a\u00a0Odebrecht\u00a0revelou que pagara cerca de US$ 4,8 milh\u00f5es, h\u00e1 uma d\u00e9cada, \u00e0 empresa de consultoria Westfield Capital. O servi\u00e7o de consultoria foi prestado entre os anos de 2004 e 2007 para um projeto de irriga\u00e7\u00e3o no Peru. Kuczynski reiterou que \u00e9 propriet\u00e1rio da Westfield Capital desde 1992, e que, quando foi ministro do governo de Alejandro Toledo (2001-2006), essa companhia era administrada por seu ex-s\u00f3cio Gerardo Sep\u00falveda.<\/p>\n<p><strong>CARIRI EM A\u00c7\u00c3O<\/strong><\/p>\n<p>Com IG\u00a0\/Foto: Reprodu\u00e7\u00e3o google<\/p>\n<p><strong>Leia mais not\u00edcias em\u00a0<\/strong><a href=\"http:\/\/www.caririemacao.com\/\"><strong>caririemacao.com<\/strong><\/a><strong>, siga nossa p\u00e1gina no\u00a0<\/strong><a href=\"https:\/\/www.facebook.com\/CaririEmAcao\/?ref=aymt_homepage_panel\"><strong>Facebook<\/strong><\/a>,<strong>\u00a0<\/strong><a href=\"https:\/\/www.instagram.com\/cariri_em_acao\/?hl=pt-br\"><strong>Instagram<\/strong><\/a><strong>\u00a0e <\/strong><a href=\"https:\/\/www.youtube.com\/channel\/UCAptA0jQuYQy8vMhLt2m4qg\"><strong>Youtube<\/strong><\/a><strong>\u00a0e veja nossas mat\u00e9rias, v\u00eddeos e fotos. Voc\u00ea tamb\u00e9m pode enviar informa\u00e7\u00f5es \u00e0 Reda\u00e7\u00e3o do Portal Cariri em A\u00e7\u00e3o pelo WhatsApp (83) 9 9634.5791, (83) 9 9601-1162.<\/strong><\/p>\n<\/div>\n<p id=\"fonte\">\n","protected":false},"excerpt":{"rendered":"<p>O Congresso do\u00a0Peru\u00a0rejeitou, na noite desta quinta-feira (21), o pedido de impeachment apresentado pela oposi\u00e7\u00e3o contra o presidente Pedro Pablo Kuczynski, acusado de receber propina&hellip; <\/p>\n","protected":false},"author":2,"featured_media":35414,"comment_status":"closed","ping_status":"closed","sticky":false,"template":"","format":"standard","meta":{"sfsi_plus_gutenberg_text_before_share":"","sfsi_plus_gutenberg_show_text_before_share":"","sfsi_plus_gutenberg_icon_type":"","sfsi_plus_gutenberg_icon_alignemt":"","sfsi_plus_gutenburg_max_per_row":"","footnotes":""},"categories":[11],"tags":[],"class_list":["post-35533","post","type-post","status-publish","format-standard","has-post-thumbnail","hentry","category-politica"],"_links":{"self":[{"href":"https:\/\/www.caririemacao.com\/1\/wp-json\/wp\/v2\/posts\/35533","targetHints":{"allow":["GET"]}}],"collection":[{"href":"https:\/\/www.caririemacao.com\/1\/wp-json\/wp\/v2\/posts"}],"about":[{"href":"https:\/\/www.caririemacao.com\/1\/wp-json\/wp\/v2\/types\/post"}],"author":[{"embeddable":true,"href":"https:\/\/www.caririemacao.com\/1\/wp-json\/wp\/v2\/users\/2"}],"replies":[{"embeddable":true,"href":"https:\/\/www.caririemacao.com\/1\/wp-json\/wp\/v2\/comments?post=35533"}],"version-history":[{"count":0,"href":"https:\/\/www.caririemacao.com\/1\/wp-json\/wp\/v2\/posts\/35533\/revisions"}],"wp:featuredmedia":[{"embeddable":true,"href":"https:\/\/www.caririemacao.com\/1\/wp-json\/wp\/v2\/media\/35414"}],"wp:attachment":[{"href":"https:\/\/www.caririemacao.com\/1\/wp-json\/wp\/v2\/media?parent=35533"}],"wp:term":[{"taxonomy":"category","embeddable":true,"href":"https:\/\/www.caririemacao.com\/1\/wp-json\/wp\/v2\/categories?post=35533"},{"taxonomy":"post_tag","embeddable":true,"href":"https:\/\/www.caririemacao.com\/1\/wp-json\/wp\/v2\/tags?post=35533"}],"curies":[{"name":"wp","href":"https:\/\/api.w.org\/{rel}","templated":true}]}}