{"id":35542,"date":"2017-12-22T11:32:07","date_gmt":"2017-12-22T14:32:07","guid":{"rendered":"http:\/\/caririemacao.com\/1\/?p=35542"},"modified":"2017-12-22T11:32:07","modified_gmt":"2017-12-22T14:32:07","slug":"renan-calheiros-imprime-livro-em-defesa-propria-com-recursos-publicos","status":"publish","type":"post","link":"https:\/\/www.caririemacao.com\/1\/2017\/12\/22\/renan-calheiros-imprime-livro-em-defesa-propria-com-recursos-publicos\/","title":{"rendered":"Renan Calheiros imprime livro em defesa pr\u00f3pria com recursos p\u00fablicos"},"content":{"rendered":"<p dir=\"ltr\">O senador Renan Calheiros (MDB-AL) usou a gr\u00e1fica do Senado para imprimir cinco mil c\u00f3pias de livro com um de seus discursos na tribuna da Casa. A fala de cerca de duas horas, proferida em 26 de outubro, dia seguinte da suspens\u00e3o da segunda den\u00fancia contra Temer, foi impressa com recursos p\u00fablicos sob o t\u00edtulo \u201cQuanto mais persegui\u00e7\u00e3o, mais \u00f3bvia a verdade\u201d. Renan atacou o ex-procurador-geral da Rep\u00fablica Rodrigo Janot e apresentou seus argumentos de defesa nos processos aos quais responde. Renan \u00e9 investigado em 15 inqu\u00e9ritos no Supremo Tribunal Federal (STF)<\/p>\n<p dir=\"ltr\">O caso foi revelado pela reportagem do jornal\u00a0<em>O Globo<\/em>\u00a0nesta sexta-feira (22). No discurso transformado em livro de 80 p\u00e1ginas, Renan afirma que Rodrigo Janot, que j\u00e1 havia deixado a chefia do Minist\u00e9rio P\u00fablico, se movia por vingan\u00e7a em uma \u201cinvestida persecut\u00f3ria\u201d contra a classe pol\u00edtica, com pe\u00e7as de acusa\u00e7\u00e3o mal feitas e ultrapassando \u201ccriminosamente\u201d a barreira da Constitui\u00e7\u00e3o. Sobrou tamb\u00e9m para a equipe do ex-PGR, que foi chamada de \u201cbando\u201d pelo senador.<\/p>\n<p dir=\"ltr\">Os senadores podem usar a gr\u00e1fica do Senado para imprimir uma cota anual de volumes e \u00e9 comum que imprimam c\u00f3pias de seus discursos. Somando as cotas de outros anos, Renan ainda poderia imprimir 20 mil tiragens, diz a reportagem.<\/p>\n<p dir=\"ltr\">Segundo a assessoria de Renan \u00e0 reportagem do jornal, o gabinete recebeu diversos pedidos de c\u00f3pias do discurso e que por isso o livro, que tem 80 p\u00e1ginas, foi impresso e distribu\u00eddo gratuitamente.<\/p>\n<p><strong>CARIRI EM A\u00c7\u00c3O<\/strong><\/p>\n<p><em>Com Congresso em Foco\/Foto: Reprodu\u00e7\u00e3o google<\/em><\/p>\n<p><strong>Leia mais not\u00edcias em\u00a0<\/strong><a href=\"http:\/\/www.caririemacao.com\/\"><strong>caririemacao.com<\/strong><\/a><strong>, siga nossa p\u00e1gina no\u00a0<\/strong><a href=\"https:\/\/www.facebook.com\/CaririEmAcao\/?ref=aymt_homepage_panel\"><strong>Facebook<\/strong><\/a>,<strong>\u00a0<\/strong><a href=\"https:\/\/www.instagram.com\/cariri_em_acao\/?hl=pt-br\"><strong>Instagram<\/strong><\/a><strong>\u00a0e\u00a0<\/strong><a href=\"https:\/\/www.youtube.com\/channel\/UCAptA0jQuYQy8vMhLt2m4qg\"><strong>Youtube<\/strong><\/a><strong>\u00a0e veja nossas mat\u00e9rias, v\u00eddeos e fotos. Voc\u00ea tamb\u00e9m pode enviar informa\u00e7\u00f5es \u00e0 Reda\u00e7\u00e3o do Portal Cariri em A\u00e7\u00e3o pelo WhatsApp (83) 9 9634.5791, (83) 9 9601-1162.<\/strong><\/p>\n","protected":false},"excerpt":{"rendered":"<p>O senador Renan Calheiros (MDB-AL) usou a gr\u00e1fica do Senado para imprimir cinco mil c\u00f3pias de livro com um de seus discursos na tribuna da&hellip; <\/p>\n","protected":false},"author":2,"featured_media":1344,"comment_status":"closed","ping_status":"closed","sticky":false,"template":"","format":"standard","meta":{"sfsi_plus_gutenberg_text_before_share":"","sfsi_plus_gutenberg_show_text_before_share":"","sfsi_plus_gutenberg_icon_type":"","sfsi_plus_gutenberg_icon_alignemt":"","sfsi_plus_gutenburg_max_per_row":"","footnotes":""},"categories":[11],"tags":[],"class_list":["post-35542","post","type-post","status-publish","format-standard","has-post-thumbnail","hentry","category-politica"],"_links":{"self":[{"href":"https:\/\/www.caririemacao.com\/1\/wp-json\/wp\/v2\/posts\/35542","targetHints":{"allow":["GET"]}}],"collection":[{"href":"https:\/\/www.caririemacao.com\/1\/wp-json\/wp\/v2\/posts"}],"about":[{"href":"https:\/\/www.caririemacao.com\/1\/wp-json\/wp\/v2\/types\/post"}],"author":[{"embeddable":true,"href":"https:\/\/www.caririemacao.com\/1\/wp-json\/wp\/v2\/users\/2"}],"replies":[{"embeddable":true,"href":"https:\/\/www.caririemacao.com\/1\/wp-json\/wp\/v2\/comments?post=35542"}],"version-history":[{"count":0,"href":"https:\/\/www.caririemacao.com\/1\/wp-json\/wp\/v2\/posts\/35542\/revisions"}],"wp:featuredmedia":[{"embeddable":true,"href":"https:\/\/www.caririemacao.com\/1\/wp-json\/wp\/v2\/media\/1344"}],"wp:attachment":[{"href":"https:\/\/www.caririemacao.com\/1\/wp-json\/wp\/v2\/media?parent=35542"}],"wp:term":[{"taxonomy":"category","embeddable":true,"href":"https:\/\/www.caririemacao.com\/1\/wp-json\/wp\/v2\/categories?post=35542"},{"taxonomy":"post_tag","embeddable":true,"href":"https:\/\/www.caririemacao.com\/1\/wp-json\/wp\/v2\/tags?post=35542"}],"curies":[{"name":"wp","href":"https:\/\/api.w.org\/{rel}","templated":true}]}}