{"id":35558,"date":"2017-12-23T01:19:37","date_gmt":"2017-12-23T04:19:37","guid":{"rendered":"http:\/\/caririemacao.com\/1\/?p=35558"},"modified":"2017-12-23T01:19:37","modified_gmt":"2017-12-23T04:19:37","slug":"prefeitura-de-ouro-velho-promove-o-5o-brilha-natal","status":"publish","type":"post","link":"https:\/\/www.caririemacao.com\/1\/2017\/12\/23\/prefeitura-de-ouro-velho-promove-o-5o-brilha-natal\/","title":{"rendered":"Prefeitura de Ouro Velho promove o 5\u00ba Brilha Natal"},"content":{"rendered":"<p>Na noite desta sexta-feira (22), a Prefeitura de Ouro Velho, Prefeitura de Ouro Velho promoveu uma grande festa de Natal para crian\u00e7as. O evento foi realizado na Pra\u00e7a Coronel S\u00e9rgio Dantas.<\/p>\n<p>Intitulado de Brilha Natal, a prefeitura aproveitou o espirito natalino para alegrar cerca de 400 crian\u00e7as no munic\u00edpio. A 5\u00aa edi\u00e7\u00e3o do Brilha Natal contou com a presen\u00e7a da prefeita Nat\u00e1lia, do vice-prefeito, Fl\u00e1vio Henrique, do m\u00e9dico Dr. J\u00fanior, secret\u00e1rios, vereadores e das fam\u00edlias ourovelhenses.<\/p>\n<p>A festa come\u00e7ou com show musical, em seguida houve distribui\u00e7\u00e3o de algod\u00e3o doce e lanches. J\u00e1 no final, todas as crian\u00e7as foram presenteadas com presentes especial doados pela prefeitura municipal com o apoio do Banco Sicoob.<\/p>\n<p><a href=\"http:\/\/caririemacao.com\/1\/wp-content\/uploads\/2017\/12\/DSC_0087.jpg\"><img fetchpriority=\"high\" decoding=\"async\" class=\"aligncenter wp-image-35560 size-full\" src=\"http:\/\/caririemacao.com\/1\/wp-content\/uploads\/2017\/12\/DSC_0087.jpg\" alt=\"\" width=\"1000\" height=\"667\" srcset=\"https:\/\/www.caririemacao.com\/1\/wp-content\/uploads\/2017\/12\/DSC_0087.jpg 1000w, https:\/\/www.caririemacao.com\/1\/wp-content\/uploads\/2017\/12\/DSC_0087-300x200.jpg 300w, https:\/\/www.caririemacao.com\/1\/wp-content\/uploads\/2017\/12\/DSC_0087-768x512.jpg 768w\" sizes=\"(max-width: 1000px) 100vw, 1000px\" \/><\/a><\/p>\n<p>A prefeita Nat\u00e1lia disse que este ato \u00e9 o m\u00ednimo que o munic\u00edpio deve fazer pelas crian\u00e7as, base de uma sociedade justa e desenvolvida. Ela aproveitou para desejar um feliz Natal, cheio de paz e sa\u00fade e um 2018 repleto de realiza\u00e7\u00f5es.<\/p>\n<p><a href=\"http:\/\/caririemacao.com\/1\/wp-content\/uploads\/2017\/12\/DSC_0164.jpg\"><img decoding=\"async\" class=\"aligncenter wp-image-35561 size-full lazyload\" data-src=\"http:\/\/caririemacao.com\/1\/wp-content\/uploads\/2017\/12\/DSC_0164.jpg\" alt=\"\" width=\"1000\" height=\"667\" data-srcset=\"https:\/\/www.caririemacao.com\/1\/wp-content\/uploads\/2017\/12\/DSC_0164.jpg 1000w, https:\/\/www.caririemacao.com\/1\/wp-content\/uploads\/2017\/12\/DSC_0164-300x200.jpg 300w, https:\/\/www.caririemacao.com\/1\/wp-content\/uploads\/2017\/12\/DSC_0164-768x512.jpg 768w\" data-sizes=\"(max-width: 1000px) 100vw, 1000px\" src=\"data:image\/svg+xml;base64,PHN2ZyB3aWR0aD0iMSIgaGVpZ2h0PSIxIiB4bWxucz0iaHR0cDovL3d3dy53My5vcmcvMjAwMC9zdmciPjwvc3ZnPg==\" style=\"--smush-placeholder-width: 1000px; --smush-placeholder-aspect-ratio: 1000\/667;\" \/><\/a><\/p>\n<p>Para o vice-prefeito, Fl\u00e1vio Henrique, o momento foi de felicidade ao ver a alegria das crian\u00e7as com a festa e os presentes. \u201cEste momento \u00e9 \u00fanico e n\u00f3s como gestores devemos sempre investir nas crian\u00e7as, atrav\u00e9s de pol\u00edticas p\u00fablicas que incentive a forma\u00e7\u00e3o destes cidad\u00e3os. \u201cQuero neste momento tamb\u00e9m felicitar todos os ourovelhenses que t\u00eam dado apoio a nossa gest\u00e3o e entendido que o caminho \u00e9 este, trabalhar e trabalhar. Feliz Natal e um 2018 de muita sa\u00fade e conquista para todos\u201d, desejou.<\/p>\n<p><a href=\"http:\/\/caririemacao.com\/1\/wp-content\/uploads\/2017\/12\/DSC_0178.jpg\"><img decoding=\"async\" class=\"aligncenter wp-image-35562 size-full lazyload\" data-src=\"http:\/\/caririemacao.com\/1\/wp-content\/uploads\/2017\/12\/DSC_0178.jpg\" alt=\"\" width=\"1000\" height=\"667\" data-srcset=\"https:\/\/www.caririemacao.com\/1\/wp-content\/uploads\/2017\/12\/DSC_0178.jpg 1000w, https:\/\/www.caririemacao.com\/1\/wp-content\/uploads\/2017\/12\/DSC_0178-300x200.jpg 300w, https:\/\/www.caririemacao.com\/1\/wp-content\/uploads\/2017\/12\/DSC_0178-768x512.jpg 768w\" data-sizes=\"(max-width: 1000px) 100vw, 1000px\" src=\"data:image\/svg+xml;base64,PHN2ZyB3aWR0aD0iMSIgaGVpZ2h0PSIxIiB4bWxucz0iaHR0cDovL3d3dy53My5vcmcvMjAwMC9zdmciPjwvc3ZnPg==\" style=\"--smush-placeholder-width: 1000px; --smush-placeholder-aspect-ratio: 1000\/667;\" \/><\/a><\/p>\n<p><a href=\"https:\/\/www.facebook.com\/pg\/CaririEmAcao\/photos\/?tab=album&amp;album_id=1150894511713237\">VEJA MAIS FOTOS CLICANDO NESTE LINK.<\/a><\/p>\n<p><strong>CARIRI EM A\u00c7\u00c3O<\/strong><\/p>\n<p>Leia mais not\u00edcias em\u00a0<a href=\"http:\/\/www.caririemacao.com\/\">caririemacao.com<\/a>, siga nossa p\u00e1gina no\u00a0<a href=\"https:\/\/www.facebook.com\/CaririEmAcao\/?ref=aymt_homepage_panel\">Facebook<\/a>,\u00a0<a href=\"https:\/\/www.instagram.com\/cariri_em_acao\/?hl=pt-br\">Instagram<\/a>\u00a0e\u00a0<a href=\"https:\/\/www.youtube.com\/channel\/UCAptA0jQuYQy8vMhLt2m4qg\">Youtube<\/a>\u00a0e veja nossas mat\u00e9rias, v\u00eddeos e fotos. Voc\u00ea tamb\u00e9m pode enviar informa\u00e7\u00f5es \u00e0 Reda\u00e7\u00e3o do Portal Cariri em A\u00e7\u00e3o pelo WhatsApp (83) 9 9634.5791, (83) 9 9601-1162.<\/p>\n","protected":false},"excerpt":{"rendered":"<p>Na noite desta sexta-feira (22), a Prefeitura de Ouro Velho, Prefeitura de Ouro Velho promoveu uma grande festa de Natal para crian\u00e7as. O evento foi&hellip; <\/p>\n","protected":false},"author":2,"featured_media":35559,"comment_status":"closed","ping_status":"closed","sticky":false,"template":"","format":"standard","meta":{"sfsi_plus_gutenberg_text_before_share":"","sfsi_plus_gutenberg_show_text_before_share":"","sfsi_plus_gutenberg_icon_type":"","sfsi_plus_gutenberg_icon_alignemt":"","sfsi_plus_gutenburg_max_per_row":"","footnotes":""},"categories":[6],"tags":[],"class_list":["post-35558","post","type-post","status-publish","format-standard","has-post-thumbnail","hentry","category-cidades"],"_links":{"self":[{"href":"https:\/\/www.caririemacao.com\/1\/wp-json\/wp\/v2\/posts\/35558","targetHints":{"allow":["GET"]}}],"collection":[{"href":"https:\/\/www.caririemacao.com\/1\/wp-json\/wp\/v2\/posts"}],"about":[{"href":"https:\/\/www.caririemacao.com\/1\/wp-json\/wp\/v2\/types\/post"}],"author":[{"embeddable":true,"href":"https:\/\/www.caririemacao.com\/1\/wp-json\/wp\/v2\/users\/2"}],"replies":[{"embeddable":true,"href":"https:\/\/www.caririemacao.com\/1\/wp-json\/wp\/v2\/comments?post=35558"}],"version-history":[{"count":0,"href":"https:\/\/www.caririemacao.com\/1\/wp-json\/wp\/v2\/posts\/35558\/revisions"}],"wp:featuredmedia":[{"embeddable":true,"href":"https:\/\/www.caririemacao.com\/1\/wp-json\/wp\/v2\/media\/35559"}],"wp:attachment":[{"href":"https:\/\/www.caririemacao.com\/1\/wp-json\/wp\/v2\/media?parent=35558"}],"wp:term":[{"taxonomy":"category","embeddable":true,"href":"https:\/\/www.caririemacao.com\/1\/wp-json\/wp\/v2\/categories?post=35558"},{"taxonomy":"post_tag","embeddable":true,"href":"https:\/\/www.caririemacao.com\/1\/wp-json\/wp\/v2\/tags?post=35558"}],"curies":[{"name":"wp","href":"https:\/\/api.w.org\/{rel}","templated":true}]}}