{"id":35564,"date":"2017-12-22T23:20:19","date_gmt":"2017-12-23T02:20:19","guid":{"rendered":"http:\/\/caririemacao.com\/1\/?p=35564"},"modified":"2017-12-23T01:21:40","modified_gmt":"2017-12-23T04:21:40","slug":"prefeitura-promove-festa-de-confraternizacao-natalina-para-os-servidores-municipais-de-ouro-velho","status":"publish","type":"post","link":"https:\/\/www.caririemacao.com\/1\/2017\/12\/22\/prefeitura-promove-festa-de-confraternizacao-natalina-para-os-servidores-municipais-de-ouro-velho\/","title":{"rendered":"Prefeitura promove festa de confraterniza\u00e7\u00e3o natalina para os servidores municipais de Ouro Velho"},"content":{"rendered":"<p>A prefeita de Ouro Velho, Nat\u00e1lia de Dr. J\u00fanior, ao lado do vice-prefeito Fl\u00e1vio Henrique e dos secret\u00e1rios municipais, celebraram com uma grande confraterniza\u00e7\u00e3o as festividades de final de ano com os servidores municipais<\/p>\n<p>A confraterniza\u00e7\u00e3o ocorreu no clube municipal, na noite desta quinta-feira, dia 21, como reconhecimento do trabalho de todos. Durante a confraterniza\u00e7\u00e3o, foi servido um jantar e homenagens.<\/p>\n<p>A prefeita Nat\u00e1lia disse que este evento se tornou uma tradi\u00e7\u00e3o gra\u00e7as ao empenho de cada servidor que tem feito seu servi\u00e7o com muita seriedade e respeito com o cidad\u00e3o ourovelhense.<\/p>\n<p><strong>CARIRI EM A\u00c7\u00c3O<\/strong><\/p>\n<p>Leia mais not\u00edcias em\u00a0<a href=\"http:\/\/www.caririemacao.com\/\">caririemacao.com<\/a>, siga nossa p\u00e1gina no\u00a0<a href=\"https:\/\/www.facebook.com\/CaririEmAcao\/?ref=aymt_homepage_panel\">Facebook<\/a>,\u00a0<a href=\"https:\/\/www.instagram.com\/cariri_em_acao\/?hl=pt-br\">Instagram<\/a>\u00a0e\u00a0<a href=\"https:\/\/www.youtube.com\/channel\/UCAptA0jQuYQy8vMhLt2m4qg\">Youtube<\/a>\u00a0e veja nossas mat\u00e9rias, v\u00eddeos e fotos. Voc\u00ea tamb\u00e9m pode enviar informa\u00e7\u00f5es \u00e0 Reda\u00e7\u00e3o do Portal Cariri em A\u00e7\u00e3o pelo WhatsApp (83) 9 9634.5791, (83) 9 9601-1162.<\/p>\n","protected":false},"excerpt":{"rendered":"<p>A prefeita de Ouro Velho, Nat\u00e1lia de Dr. J\u00fanior, ao lado do vice-prefeito Fl\u00e1vio Henrique e dos secret\u00e1rios municipais, celebraram com uma grande confraterniza\u00e7\u00e3o as&hellip; <\/p>\n","protected":false},"author":2,"featured_media":35565,"comment_status":"closed","ping_status":"closed","sticky":false,"template":"","format":"standard","meta":{"sfsi_plus_gutenberg_text_before_share":"","sfsi_plus_gutenberg_show_text_before_share":"","sfsi_plus_gutenberg_icon_type":"","sfsi_plus_gutenberg_icon_alignemt":"","sfsi_plus_gutenburg_max_per_row":"","footnotes":""},"categories":[2],"tags":[],"class_list":["post-35564","post","type-post","status-publish","format-standard","has-post-thumbnail","hentry","category-geral"],"_links":{"self":[{"href":"https:\/\/www.caririemacao.com\/1\/wp-json\/wp\/v2\/posts\/35564","targetHints":{"allow":["GET"]}}],"collection":[{"href":"https:\/\/www.caririemacao.com\/1\/wp-json\/wp\/v2\/posts"}],"about":[{"href":"https:\/\/www.caririemacao.com\/1\/wp-json\/wp\/v2\/types\/post"}],"author":[{"embeddable":true,"href":"https:\/\/www.caririemacao.com\/1\/wp-json\/wp\/v2\/users\/2"}],"replies":[{"embeddable":true,"href":"https:\/\/www.caririemacao.com\/1\/wp-json\/wp\/v2\/comments?post=35564"}],"version-history":[{"count":0,"href":"https:\/\/www.caririemacao.com\/1\/wp-json\/wp\/v2\/posts\/35564\/revisions"}],"wp:featuredmedia":[{"embeddable":true,"href":"https:\/\/www.caririemacao.com\/1\/wp-json\/wp\/v2\/media\/35565"}],"wp:attachment":[{"href":"https:\/\/www.caririemacao.com\/1\/wp-json\/wp\/v2\/media?parent=35564"}],"wp:term":[{"taxonomy":"category","embeddable":true,"href":"https:\/\/www.caririemacao.com\/1\/wp-json\/wp\/v2\/categories?post=35564"},{"taxonomy":"post_tag","embeddable":true,"href":"https:\/\/www.caririemacao.com\/1\/wp-json\/wp\/v2\/tags?post=35564"}],"curies":[{"name":"wp","href":"https:\/\/api.w.org\/{rel}","templated":true}]}}