{"id":35567,"date":"2017-12-23T01:41:12","date_gmt":"2017-12-23T04:41:12","guid":{"rendered":"http:\/\/caririemacao.com\/1\/?p=35567"},"modified":"2017-12-23T01:41:12","modified_gmt":"2017-12-23T04:41:12","slug":"prefeitura-de-sume-comeca-a-pagar-salarios-do-mes-de-dezembro","status":"publish","type":"post","link":"https:\/\/www.caririemacao.com\/1\/2017\/12\/23\/prefeitura-de-sume-comeca-a-pagar-salarios-do-mes-de-dezembro\/","title":{"rendered":"Prefeitura de Sum\u00e9 come\u00e7a a pagar sal\u00e1rios do m\u00eas de dezembro"},"content":{"rendered":"<p>A Prefeitura de Sum\u00e9 deu in\u00edcio nesta quinta-feira (21\/12) ao pagamento de sal\u00e1rio do m\u00eas de dezembro dos seus servidores.<\/p>\n<p>Grande parte das secretarias j\u00e1 foram pagas nesta quinta-feira, sendo depositado nesta sexta-feira (22\/12), os pagamentos das Secretarias de Sa\u00fade e Educa\u00e7\u00e3o, esta para professores efetivos. Os auxiliares efetivos, diretores e contratados da Educa\u00e7\u00e3o recebem na pr\u00f3xima semana.<\/p>\n<p>A folha do m\u00eas de dezembro importa em aproximadamente R$ 1 milh\u00e3o. Somando com a folha do 13\u00ba sal\u00e1rio, que foi paga no \u00faltimo dia 12, os valores injetados na economia do munic\u00edpio chegam a R$ 1,5 milh\u00e3o.<\/p>\n<p>O prefeito \u00c9den Duarte, que sempre paga o sal\u00e1rio do funcionalismo em dia, priorizou o pagamento antecipado dos servidores, neste m\u00eas de dezembro, para que eles possam desde o Natal comemorar as festas de final de ano.<\/p>\n<p><strong>CARIRI EM A\u00c7\u00c3O<\/strong><\/p>\n<p>Ascom<\/p>\n<p>Leia mais not\u00edcias em\u00a0<a href=\"http:\/\/www.caririemacao.com\/\">caririemacao.com<\/a>, siga nossa p\u00e1gina no\u00a0<a href=\"https:\/\/www.facebook.com\/CaririEmAcao\/?ref=aymt_homepage_panel\">Facebook<\/a>,\u00a0<a href=\"https:\/\/www.instagram.com\/cariri_em_acao\/?hl=pt-br\">Instagram<\/a>\u00a0e\u00a0<a href=\"https:\/\/www.youtube.com\/channel\/UCAptA0jQuYQy8vMhLt2m4qg\">Youtube<\/a>\u00a0e veja nossas mat\u00e9rias, v\u00eddeos e fotos. Voc\u00ea tamb\u00e9m pode enviar informa\u00e7\u00f5es \u00e0 Reda\u00e7\u00e3o do Portal Cariri em A\u00e7\u00e3o pelo WhatsApp (83) 9 9634.5791, (83) 9 9601-1162.<\/p>\n","protected":false},"excerpt":{"rendered":"<p>A Prefeitura de Sum\u00e9 deu in\u00edcio nesta quinta-feira (21\/12) ao pagamento de sal\u00e1rio do m\u00eas de dezembro dos seus servidores. Grande parte das secretarias j\u00e1&hellip; <\/p>\n","protected":false},"author":2,"featured_media":21643,"comment_status":"closed","ping_status":"closed","sticky":false,"template":"","format":"standard","meta":{"sfsi_plus_gutenberg_text_before_share":"","sfsi_plus_gutenberg_show_text_before_share":"","sfsi_plus_gutenberg_icon_type":"","sfsi_plus_gutenberg_icon_alignemt":"","sfsi_plus_gutenburg_max_per_row":"","footnotes":""},"categories":[6],"tags":[],"class_list":["post-35567","post","type-post","status-publish","format-standard","has-post-thumbnail","hentry","category-cidades"],"_links":{"self":[{"href":"https:\/\/www.caririemacao.com\/1\/wp-json\/wp\/v2\/posts\/35567","targetHints":{"allow":["GET"]}}],"collection":[{"href":"https:\/\/www.caririemacao.com\/1\/wp-json\/wp\/v2\/posts"}],"about":[{"href":"https:\/\/www.caririemacao.com\/1\/wp-json\/wp\/v2\/types\/post"}],"author":[{"embeddable":true,"href":"https:\/\/www.caririemacao.com\/1\/wp-json\/wp\/v2\/users\/2"}],"replies":[{"embeddable":true,"href":"https:\/\/www.caririemacao.com\/1\/wp-json\/wp\/v2\/comments?post=35567"}],"version-history":[{"count":0,"href":"https:\/\/www.caririemacao.com\/1\/wp-json\/wp\/v2\/posts\/35567\/revisions"}],"wp:featuredmedia":[{"embeddable":true,"href":"https:\/\/www.caririemacao.com\/1\/wp-json\/wp\/v2\/media\/21643"}],"wp:attachment":[{"href":"https:\/\/www.caririemacao.com\/1\/wp-json\/wp\/v2\/media?parent=35567"}],"wp:term":[{"taxonomy":"category","embeddable":true,"href":"https:\/\/www.caririemacao.com\/1\/wp-json\/wp\/v2\/categories?post=35567"},{"taxonomy":"post_tag","embeddable":true,"href":"https:\/\/www.caririemacao.com\/1\/wp-json\/wp\/v2\/tags?post=35567"}],"curies":[{"name":"wp","href":"https:\/\/api.w.org\/{rel}","templated":true}]}}