{"id":35569,"date":"2017-12-23T08:28:04","date_gmt":"2017-12-23T11:28:04","guid":{"rendered":"http:\/\/caririemacao.com\/1\/?p=35569"},"modified":"2017-12-23T08:28:04","modified_gmt":"2017-12-23T11:28:04","slug":"aesa-tambem-preve-chuva-para-este-sabado-no-sertao","status":"publish","type":"post","link":"https:\/\/www.caririemacao.com\/1\/2017\/12\/23\/aesa-tambem-preve-chuva-para-este-sabado-no-sertao\/","title":{"rendered":"AESA tamb\u00e9m prev\u00ea chuva para este s\u00e1bado no Sert\u00e3o"},"content":{"rendered":"<p>A Ag\u00eancia Executiva de Gest\u00e3o das \u00c1guas (Aesa) prev\u00ea para este s\u00e1bado (23) chuvas localizadas com nebulosidade vari\u00e1vel para as regi\u00f5es do Agreste, Brejo e Litoral.<\/p>\n<p>J\u00e1 para a regi\u00e3o do Semi\u00e1rido, a previs\u00e3o tamb\u00e9m \u00e9 de nebulosidade vari\u00e1vel com chuvas localizadas no Cariri-Curimata\u00fa, e de nebulosidade vari\u00e1vel com chuvas isoladas para Alto Sert\u00e3o e Sert\u00e3o.<\/p>\n<p>Na faixa litor\u00e2nea, a temperatura m\u00e1xima dever\u00e1 chegar aos 31\u00ba C e a m\u00ednima, aos 24\u00ba C. Confira a temperatura para as demais regi\u00f5es do Estado neste s\u00e1bado:<\/p>\n<p><strong>Agreste \u2013<\/strong>\u00a0m\u00e1xima de 31\u00ba C e m\u00ednima de 21\u00ba C<\/p>\n<p><strong>Brejo \u2013<\/strong>\u00a0m\u00e1xima de 29\u00ba C e m\u00ednima de 21\u00ba C<\/p>\n<p><strong>Cariri-Curimata\u00fa \u2013<\/strong>\u00a0m\u00e1xima de 34\u00ba C e m\u00ednima de 22\u00ba C<\/p>\n<p><strong>Alto Sert\u00e3o \u2013<\/strong>\u00a0m\u00e1xima de 37\u00ba C e m\u00ednima de 23\u00ba C<\/p>\n<p><strong>Sert\u00e3o \u2013<\/strong>\u00a0m\u00e1xima de 37\u00ba C e m\u00ednima de 24\u00ba C<\/p>\n<p><strong>CARIRI EM A\u00c7\u00c3O<\/strong><\/p>\n<p>Com <em>Secom -pb<\/em>\/Foto: Reprodu\u00e7\u00e3o google<\/p>\n<p><strong>Leia mais not\u00edcias em\u00a0<\/strong><a href=\"http:\/\/www.caririemacao.com\/\"><strong>caririemacao.com<\/strong><\/a><strong>, siga nossa p\u00e1gina no\u00a0<\/strong><a href=\"https:\/\/www.facebook.com\/CaririEmAcao\/?ref=aymt_homepage_panel\"><strong>Facebook<\/strong><\/a>,<strong>\u00a0<\/strong><a href=\"https:\/\/www.instagram.com\/cariri_em_acao\/?hl=pt-br\"><strong>Instagram<\/strong><\/a><strong>\u00a0e <\/strong><a href=\"https:\/\/www.youtube.com\/channel\/UCAptA0jQuYQy8vMhLt2m4qg\"><strong>Youtube<\/strong><\/a><strong>\u00a0e veja nossas mat\u00e9rias, v\u00eddeos e fotos. Voc\u00ea tamb\u00e9m pode enviar informa\u00e7\u00f5es \u00e0 Reda\u00e7\u00e3o do Portal Cariri em A\u00e7\u00e3o pelo WhatsApp (83) 9 9634.5791, (83) 9 9601-1162.<\/strong><\/p>\n","protected":false},"excerpt":{"rendered":"<p>A Ag\u00eancia Executiva de Gest\u00e3o das \u00c1guas (Aesa) prev\u00ea para este s\u00e1bado (23) chuvas localizadas com nebulosidade vari\u00e1vel para as regi\u00f5es do Agreste, Brejo e&hellip; <\/p>\n","protected":false},"author":2,"featured_media":7161,"comment_status":"closed","ping_status":"closed","sticky":false,"template":"","format":"standard","meta":{"sfsi_plus_gutenberg_text_before_share":"","sfsi_plus_gutenberg_show_text_before_share":"","sfsi_plus_gutenberg_icon_type":"","sfsi_plus_gutenberg_icon_alignemt":"","sfsi_plus_gutenburg_max_per_row":"","footnotes":""},"categories":[2],"tags":[],"class_list":["post-35569","post","type-post","status-publish","format-standard","has-post-thumbnail","hentry","category-geral"],"_links":{"self":[{"href":"https:\/\/www.caririemacao.com\/1\/wp-json\/wp\/v2\/posts\/35569","targetHints":{"allow":["GET"]}}],"collection":[{"href":"https:\/\/www.caririemacao.com\/1\/wp-json\/wp\/v2\/posts"}],"about":[{"href":"https:\/\/www.caririemacao.com\/1\/wp-json\/wp\/v2\/types\/post"}],"author":[{"embeddable":true,"href":"https:\/\/www.caririemacao.com\/1\/wp-json\/wp\/v2\/users\/2"}],"replies":[{"embeddable":true,"href":"https:\/\/www.caririemacao.com\/1\/wp-json\/wp\/v2\/comments?post=35569"}],"version-history":[{"count":0,"href":"https:\/\/www.caririemacao.com\/1\/wp-json\/wp\/v2\/posts\/35569\/revisions"}],"wp:featuredmedia":[{"embeddable":true,"href":"https:\/\/www.caririemacao.com\/1\/wp-json\/wp\/v2\/media\/7161"}],"wp:attachment":[{"href":"https:\/\/www.caririemacao.com\/1\/wp-json\/wp\/v2\/media?parent=35569"}],"wp:term":[{"taxonomy":"category","embeddable":true,"href":"https:\/\/www.caririemacao.com\/1\/wp-json\/wp\/v2\/categories?post=35569"},{"taxonomy":"post_tag","embeddable":true,"href":"https:\/\/www.caririemacao.com\/1\/wp-json\/wp\/v2\/tags?post=35569"}],"curies":[{"name":"wp","href":"https:\/\/api.w.org\/{rel}","templated":true}]}}