{"id":35571,"date":"2017-12-23T08:34:21","date_gmt":"2017-12-23T11:34:21","guid":{"rendered":"http:\/\/caririemacao.com\/1\/?p=35571"},"modified":"2017-12-23T08:34:21","modified_gmt":"2017-12-23T11:34:21","slug":"tjpb-bloqueia-r-10-mi-do-governo-da-pb-e-procurador-reage","status":"publish","type":"post","link":"https:\/\/www.caririemacao.com\/1\/2017\/12\/23\/tjpb-bloqueia-r-10-mi-do-governo-da-pb-e-procurador-reage\/","title":{"rendered":"TJPB bloqueia R$ 10 mi do Governo da PB e procurador reage"},"content":{"rendered":"<p>O Tribunal de Justi\u00e7a da Para\u00edba, em car\u00e1ter liminar, definiu nesta sexta-feira (22) o bloqueio de R$ 10 milh\u00f5es das contas do Governo da Para\u00edba. A decis\u00e3o judicial atende a uma a\u00e7\u00e3o da Defensoria P\u00fablica, que acusa o Estado de n\u00e3o repassar corretamente o valor referente ao or\u00e7amento de 2017 para o \u00f3rg\u00e3o.<\/p>\n<p>A liminar, \u00e0s v\u00e9speras do Natal, pegou de surpresa o Governo. Tanto que o procurador-geral do Estado disse que n\u00e3o esperava algo desse tipo. Ele ainda criticou a decis\u00e3o judicial e garantiu que vai levar a situa\u00e7\u00e3o ao conhecimento do Conselho Nacional de Justi\u00e7a.<\/p>\n<p>\u201cEssa decis\u00e3o \u00e9 absurda. Vamos elevar tudo ao conhecimento do Conselho Nacional de Justi\u00e7a porque essa situa\u00e7\u00e3o passou de todos os limites\u201d, comentou o procurador.<\/p>\n<p><strong>CARIRI EM A\u00c7\u00c3O<\/strong><\/p>\n<p>Com Portal Correio\/Foto: Reprodu\u00e7\u00e3o google<\/p>\n<p><strong>Leia mais not\u00edcias em\u00a0<\/strong><a href=\"http:\/\/www.caririemacao.com\/\"><strong>caririemacao.com<\/strong><\/a><strong>, siga nossa p\u00e1gina no\u00a0<\/strong><a href=\"https:\/\/www.facebook.com\/CaririEmAcao\/?ref=aymt_homepage_panel\"><strong>Facebook<\/strong><\/a>,<strong>\u00a0<\/strong><a href=\"https:\/\/www.instagram.com\/cariri_em_acao\/?hl=pt-br\"><strong>Instagram<\/strong><\/a><strong>\u00a0e <\/strong><a href=\"https:\/\/www.youtube.com\/channel\/UCAptA0jQuYQy8vMhLt2m4qg\"><strong>Youtube<\/strong><\/a><strong>\u00a0e veja nossas mat\u00e9rias, v\u00eddeos e fotos. Voc\u00ea tamb\u00e9m pode enviar informa\u00e7\u00f5es \u00e0 Reda\u00e7\u00e3o do Portal Cariri em A\u00e7\u00e3o pelo WhatsApp (83) 9 9634.5791, (83) 9 9601-1162.<\/strong><\/p>\n","protected":false},"excerpt":{"rendered":"<p>O Tribunal de Justi\u00e7a da Para\u00edba, em car\u00e1ter liminar, definiu nesta sexta-feira (22) o bloqueio de R$ 10 milh\u00f5es das contas do Governo da Para\u00edba.&hellip; <\/p>\n","protected":false},"author":2,"featured_media":34917,"comment_status":"closed","ping_status":"closed","sticky":false,"template":"","format":"standard","meta":{"sfsi_plus_gutenberg_text_before_share":"","sfsi_plus_gutenberg_show_text_before_share":"","sfsi_plus_gutenberg_icon_type":"","sfsi_plus_gutenberg_icon_alignemt":"","sfsi_plus_gutenburg_max_per_row":"","footnotes":""},"categories":[1],"tags":[],"class_list":["post-35571","post","type-post","status-publish","format-standard","has-post-thumbnail","hentry","category-o-site"],"_links":{"self":[{"href":"https:\/\/www.caririemacao.com\/1\/wp-json\/wp\/v2\/posts\/35571","targetHints":{"allow":["GET"]}}],"collection":[{"href":"https:\/\/www.caririemacao.com\/1\/wp-json\/wp\/v2\/posts"}],"about":[{"href":"https:\/\/www.caririemacao.com\/1\/wp-json\/wp\/v2\/types\/post"}],"author":[{"embeddable":true,"href":"https:\/\/www.caririemacao.com\/1\/wp-json\/wp\/v2\/users\/2"}],"replies":[{"embeddable":true,"href":"https:\/\/www.caririemacao.com\/1\/wp-json\/wp\/v2\/comments?post=35571"}],"version-history":[{"count":0,"href":"https:\/\/www.caririemacao.com\/1\/wp-json\/wp\/v2\/posts\/35571\/revisions"}],"wp:featuredmedia":[{"embeddable":true,"href":"https:\/\/www.caririemacao.com\/1\/wp-json\/wp\/v2\/media\/34917"}],"wp:attachment":[{"href":"https:\/\/www.caririemacao.com\/1\/wp-json\/wp\/v2\/media?parent=35571"}],"wp:term":[{"taxonomy":"category","embeddable":true,"href":"https:\/\/www.caririemacao.com\/1\/wp-json\/wp\/v2\/categories?post=35571"},{"taxonomy":"post_tag","embeddable":true,"href":"https:\/\/www.caririemacao.com\/1\/wp-json\/wp\/v2\/tags?post=35571"}],"curies":[{"name":"wp","href":"https:\/\/api.w.org\/{rel}","templated":true}]}}