{"id":35578,"date":"2017-12-23T08:53:43","date_gmt":"2017-12-23T11:53:43","guid":{"rendered":"http:\/\/caririemacao.com\/1\/?p=35578"},"modified":"2017-12-23T08:53:43","modified_gmt":"2017-12-23T11:53:43","slug":"ibama-e-pm-apreendem-4-mil-animais-silvestres","status":"publish","type":"post","link":"https:\/\/www.caririemacao.com\/1\/2017\/12\/23\/ibama-e-pm-apreendem-4-mil-animais-silvestres\/","title":{"rendered":"Ibama e PM apreendem 4 mil animais silvestres"},"content":{"rendered":"<p>A Opera\u00e7\u00e3o Feira Maldita, que est\u00e1 sendo realizada pelo Ibama com o apoio de policiais da Rotam do 4\u00ba BPM (Batalh\u00e3o de Pol\u00edcia Militar), j\u00e1 apreendeu mais de mil animais silvestres, a maioria p\u00e1ssaros e alguns deles, de esp\u00e9cies amea\u00e7adas de extin\u00e7\u00e3o. A maior apreens\u00e3o aconteceu nessa quinta-feira (21), com o resgate de aproximadamente 600 animais silvestres de um cativeiro na cidade de Barra de Santa Rosa.<\/p>\n<p>Na ter\u00e7a (19) e quarta-feira, (20), os dois primeiros dias da Opera\u00e7\u00e3o Feira Maldita, foram apreendidos uma espingarda calibre 32 com 41 cartuchos e animais silvestres, alguns deles j\u00e1 abatidos e v\u00edtimas da ca\u00e7a predat\u00f3ria. A opera\u00e7\u00e3o percorreu cidades do Brejo, Curimatau, Serid\u00f3 e Alto Sert\u00e3o e tamb\u00e9m houve pris\u00e3o e aplica\u00e7\u00e3o de multas para as pessoas que comercializavam ilegalmente os animais.<\/p>\n<p>Entre as apreens\u00f5es, tatus, pre\u00e1s e outros animais silvestres, al\u00e9m de p\u00e1ssaros como galo de campina curi\u00f3, azul\u00e3o, golado e golinho. A opera\u00e7\u00e3o est\u00e1 sendo comandada pelo agente do Ibama, Jaime Pereira da Costa, e conta com os apoios do policiais da Rotam do 4\u00ba BPM: sargentos Fl\u00e1vio, Laelson e Washington, al\u00e9m dos soldados Osvaldo e Emanuel, todos sob o comando do Major Silva Ferreira.<\/p>\n<p><strong>CARIRI EM A\u00c7\u00c3O<\/strong><\/p>\n<p><em>Com MaisPB\/Foto: Reprodu\u00e7\u00e3o google<\/em><\/p>\n<p><strong>Leia mais not\u00edcias em\u00a0<\/strong><a href=\"http:\/\/www.caririemacao.com\/\"><strong>caririemacao.com<\/strong><\/a><strong>, siga nossa p\u00e1gina no\u00a0<\/strong><a href=\"https:\/\/www.facebook.com\/CaririEmAcao\/?ref=aymt_homepage_panel\"><strong>Facebook<\/strong><\/a>,<strong>\u00a0<\/strong><a href=\"https:\/\/www.instagram.com\/cariri_em_acao\/?hl=pt-br\"><strong>Instagram<\/strong><\/a><strong>\u00a0e <\/strong><a href=\"https:\/\/www.youtube.com\/channel\/UCAptA0jQuYQy8vMhLt2m4qg\"><strong>Youtube<\/strong><\/a><strong>\u00a0e veja nossas mat\u00e9rias, v\u00eddeos e fotos. Voc\u00ea tamb\u00e9m pode enviar informa\u00e7\u00f5es \u00e0 Reda\u00e7\u00e3o do Portal Cariri em A\u00e7\u00e3o pelo WhatsApp (83) 9 9634.5791, (83) 9 9601-1162.<\/strong><\/p>\n","protected":false},"excerpt":{"rendered":"<p>A Opera\u00e7\u00e3o Feira Maldita, que est\u00e1 sendo realizada pelo Ibama com o apoio de policiais da Rotam do 4\u00ba BPM (Batalh\u00e3o de Pol\u00edcia Militar), j\u00e1&hellip; <\/p>\n","protected":false},"author":2,"featured_media":35579,"comment_status":"closed","ping_status":"closed","sticky":false,"template":"","format":"standard","meta":{"sfsi_plus_gutenberg_text_before_share":"","sfsi_plus_gutenberg_show_text_before_share":"","sfsi_plus_gutenberg_icon_type":"","sfsi_plus_gutenberg_icon_alignemt":"","sfsi_plus_gutenburg_max_per_row":"","footnotes":""},"categories":[12],"tags":[],"class_list":["post-35578","post","type-post","status-publish","format-standard","has-post-thumbnail","hentry","category-policia"],"_links":{"self":[{"href":"https:\/\/www.caririemacao.com\/1\/wp-json\/wp\/v2\/posts\/35578","targetHints":{"allow":["GET"]}}],"collection":[{"href":"https:\/\/www.caririemacao.com\/1\/wp-json\/wp\/v2\/posts"}],"about":[{"href":"https:\/\/www.caririemacao.com\/1\/wp-json\/wp\/v2\/types\/post"}],"author":[{"embeddable":true,"href":"https:\/\/www.caririemacao.com\/1\/wp-json\/wp\/v2\/users\/2"}],"replies":[{"embeddable":true,"href":"https:\/\/www.caririemacao.com\/1\/wp-json\/wp\/v2\/comments?post=35578"}],"version-history":[{"count":0,"href":"https:\/\/www.caririemacao.com\/1\/wp-json\/wp\/v2\/posts\/35578\/revisions"}],"wp:featuredmedia":[{"embeddable":true,"href":"https:\/\/www.caririemacao.com\/1\/wp-json\/wp\/v2\/media\/35579"}],"wp:attachment":[{"href":"https:\/\/www.caririemacao.com\/1\/wp-json\/wp\/v2\/media?parent=35578"}],"wp:term":[{"taxonomy":"category","embeddable":true,"href":"https:\/\/www.caririemacao.com\/1\/wp-json\/wp\/v2\/categories?post=35578"},{"taxonomy":"post_tag","embeddable":true,"href":"https:\/\/www.caririemacao.com\/1\/wp-json\/wp\/v2\/tags?post=35578"}],"curies":[{"name":"wp","href":"https:\/\/api.w.org\/{rel}","templated":true}]}}