{"id":35584,"date":"2017-12-23T15:31:56","date_gmt":"2017-12-23T18:31:56","guid":{"rendered":"http:\/\/caririemacao.com\/1\/?p=35584"},"modified":"2017-12-23T15:40:52","modified_gmt":"2017-12-23T18:40:52","slug":"acidente-deixa-uma-mulher-ferida-na-br-412","status":"publish","type":"post","link":"https:\/\/www.caririemacao.com\/1\/2017\/12\/23\/acidente-deixa-uma-mulher-ferida-na-br-412\/","title":{"rendered":"Acidente deixa uma mulher ferida na BR 412"},"content":{"rendered":"<p>A pista molhada pode ter contribu\u00eddo para um acidente na tarde deste s\u00e1bado, dia 23, na BR-412, munic\u00edpio de Monteiro.<\/p>\n<p>Um carro modelo Hilux da Toyota, placa FAM 0690, cor preta, da cidade de Prata\/PB, conduzido pelo senhor Carlos Gilberio capotou pr\u00f3ximo \u00e0 entrada do s\u00edtio Riacho do Meio.<\/p>\n<p><a href=\"http:\/\/caririemacao.com\/1\/wp-content\/uploads\/2017\/12\/WhatsApp-Image-2017-12-23-at-14.28.24.jpeg\"><img fetchpriority=\"high\" decoding=\"async\" class=\"aligncenter wp-image-35588 size-full\" src=\"http:\/\/caririemacao.com\/1\/wp-content\/uploads\/2017\/12\/WhatsApp-Image-2017-12-23-at-14.28.24.jpeg\" alt=\"\" width=\"1000\" height=\"563\" srcset=\"https:\/\/www.caririemacao.com\/1\/wp-content\/uploads\/2017\/12\/WhatsApp-Image-2017-12-23-at-14.28.24.jpeg 1000w, https:\/\/www.caririemacao.com\/1\/wp-content\/uploads\/2017\/12\/WhatsApp-Image-2017-12-23-at-14.28.24-300x169.jpeg 300w, https:\/\/www.caririemacao.com\/1\/wp-content\/uploads\/2017\/12\/WhatsApp-Image-2017-12-23-at-14.28.24-768x432.jpeg 768w\" sizes=\"(max-width: 1000px) 100vw, 1000px\" \/><\/a><\/p>\n<p>No carro estavam 4 pessoas, todas do munic\u00edpio de Prata, o propriet\u00e1rio do ve\u00edculo, sua esposa, seu sobrinho e a senhora Luciene, m\u00e3e do dono da Hilux.<\/p>\n<p><a href=\"http:\/\/caririemacao.com\/1\/wp-content\/uploads\/2017\/12\/WhatsApp-Image-2017-12-23-at-14.26.38.jpeg\"><img decoding=\"async\" class=\"aligncenter wp-image-35587 size-full lazyload\" data-src=\"http:\/\/caririemacao.com\/1\/wp-content\/uploads\/2017\/12\/WhatsApp-Image-2017-12-23-at-14.26.38.jpeg\" alt=\"\" width=\"1000\" height=\"563\" data-srcset=\"https:\/\/www.caririemacao.com\/1\/wp-content\/uploads\/2017\/12\/WhatsApp-Image-2017-12-23-at-14.26.38.jpeg 1000w, https:\/\/www.caririemacao.com\/1\/wp-content\/uploads\/2017\/12\/WhatsApp-Image-2017-12-23-at-14.26.38-300x169.jpeg 300w, https:\/\/www.caririemacao.com\/1\/wp-content\/uploads\/2017\/12\/WhatsApp-Image-2017-12-23-at-14.26.38-768x432.jpeg 768w\" data-sizes=\"(max-width: 1000px) 100vw, 1000px\" src=\"data:image\/svg+xml;base64,PHN2ZyB3aWR0aD0iMSIgaGVpZ2h0PSIxIiB4bWxucz0iaHR0cDovL3d3dy53My5vcmcvMjAwMC9zdmciPjwvc3ZnPg==\" style=\"--smush-placeholder-width: 1000px; --smush-placeholder-aspect-ratio: 1000\/563;\" \/><\/a><\/p>\n<p>No acidente, uma mulher, a dona Luciene, ficou ferida, sendo imobilizada pelos profissionais do Samu e encaminhada para o Hospital em Monteiro, j\u00e1 os demais, por sorte n\u00e3o sofreram nada.<\/p>\n<p>De acordo com Gilberio, chovia forte no momento do acidente. Eles vinham de Monteiro e seguiam\u00a0 em dire\u00e7\u00e3o a Prata. O motorista contou que ao desviar de um carro, perdeu o controle da dire\u00e7\u00e3o. Em seguida, o carro capotou v\u00e1rias vezes.<\/p>\n<p><strong>CARIRI EM A\u00c7\u00c3O<\/strong><\/p>\n<p><strong>Leia mais not\u00edcias em\u00a0<a href=\"http:\/\/www.caririemacao.com\/\">caririemacao.com<\/a>, siga nossa p\u00e1gina no\u00a0<a href=\"https:\/\/www.facebook.com\/CaririEmAcao\/?ref=aymt_homepage_panel\">Facebook<\/a>,\u00a0<a href=\"https:\/\/www.instagram.com\/cariri_em_acao\/?hl=pt-br\">Instagram<\/a>\u00a0e\u00a0<a href=\"https:\/\/www.youtube.com\/channel\/UCAptA0jQuYQy8vMhLt2m4qg\">Youtube<\/a>\u00a0e veja nossas mat\u00e9rias, v\u00eddeos e fotos. Voc\u00ea tamb\u00e9m pode enviar informa\u00e7\u00f5es \u00e0 Reda\u00e7\u00e3o do Portal Cariri em A\u00e7\u00e3o pelo WhatsApp (83) 9 9634.5791, (83) 9 9601-1162.<\/strong><\/p>\n","protected":false},"excerpt":{"rendered":"<p>A pista molhada pode ter contribu\u00eddo para um acidente na tarde deste s\u00e1bado, dia 23, na BR-412, munic\u00edpio de Monteiro. Um carro modelo Hilux da&hellip; <\/p>\n","protected":false},"author":2,"featured_media":35585,"comment_status":"closed","ping_status":"closed","sticky":false,"template":"","format":"standard","meta":{"sfsi_plus_gutenberg_text_before_share":"","sfsi_plus_gutenberg_show_text_before_share":"","sfsi_plus_gutenberg_icon_type":"","sfsi_plus_gutenberg_icon_alignemt":"","sfsi_plus_gutenburg_max_per_row":"","footnotes":""},"categories":[12],"tags":[],"class_list":["post-35584","post","type-post","status-publish","format-standard","has-post-thumbnail","hentry","category-policia"],"_links":{"self":[{"href":"https:\/\/www.caririemacao.com\/1\/wp-json\/wp\/v2\/posts\/35584","targetHints":{"allow":["GET"]}}],"collection":[{"href":"https:\/\/www.caririemacao.com\/1\/wp-json\/wp\/v2\/posts"}],"about":[{"href":"https:\/\/www.caririemacao.com\/1\/wp-json\/wp\/v2\/types\/post"}],"author":[{"embeddable":true,"href":"https:\/\/www.caririemacao.com\/1\/wp-json\/wp\/v2\/users\/2"}],"replies":[{"embeddable":true,"href":"https:\/\/www.caririemacao.com\/1\/wp-json\/wp\/v2\/comments?post=35584"}],"version-history":[{"count":0,"href":"https:\/\/www.caririemacao.com\/1\/wp-json\/wp\/v2\/posts\/35584\/revisions"}],"wp:featuredmedia":[{"embeddable":true,"href":"https:\/\/www.caririemacao.com\/1\/wp-json\/wp\/v2\/media\/35585"}],"wp:attachment":[{"href":"https:\/\/www.caririemacao.com\/1\/wp-json\/wp\/v2\/media?parent=35584"}],"wp:term":[{"taxonomy":"category","embeddable":true,"href":"https:\/\/www.caririemacao.com\/1\/wp-json\/wp\/v2\/categories?post=35584"},{"taxonomy":"post_tag","embeddable":true,"href":"https:\/\/www.caririemacao.com\/1\/wp-json\/wp\/v2\/tags?post=35584"}],"curies":[{"name":"wp","href":"https:\/\/api.w.org\/{rel}","templated":true}]}}