{"id":35597,"date":"2017-12-24T09:21:42","date_gmt":"2017-12-24T12:21:42","guid":{"rendered":"http:\/\/caririemacao.com\/1\/?p=35597"},"modified":"2017-12-24T09:23:13","modified_gmt":"2017-12-24T12:23:13","slug":"apos-criticas-ministro-diz-que-indulto-natalino-nao-prejudica-lava-jato","status":"publish","type":"post","link":"https:\/\/www.caririemacao.com\/1\/2017\/12\/24\/apos-criticas-ministro-diz-que-indulto-natalino-nao-prejudica-lava-jato\/","title":{"rendered":"Ap\u00f3s cr\u00edticas, ministro diz que indulto natalino n\u00e3o prejudica Lava-Jato"},"content":{"rendered":"<p>Um dia depois da publica\u00e7\u00e3o do decreto do presidente da Rep\u00fablica Michel Temer que deixou mais brandas as regras para o perd\u00e3o da pena de condenados por crimes cometidos sem viol\u00eancia ou amea\u00e7a, como corrup\u00e7\u00e3o e lavagem de dinheiro, o ministro da Justi\u00e7a, Torquato Jardim, disse que a decis\u00e3o de Temer \u00e9 impessoal e n\u00e3o prejudica a Lava Jato.<\/p>\n<p>Ao reconhecer que se trata de uma medida dif\u00edcil de ser entendida pela sociedade brasileira, Torquato Jardim disse que o presidente da Rep\u00fablica, que \u00e9 professor de direito constitucional e foi duas vezes secret\u00e1rio de Seguran\u00e7a do estado de S\u00e3o Paulo, entendeu que esse era o momento pol\u00edtico adequado para se ter uma \u201cvis\u00e3o mais liberal\u201d da quest\u00e3o do indulto no direito penal.<\/p>\n<p>De acordo com o ministro a medida levou em conta a superpopula\u00e7\u00e3o carcer\u00e1ria. \u201cAs cadeias est\u00e3o superlotadas. Essa \u00e9 uma realidade que n\u00e3o podemos ignorar. Os que v\u00e3o deixar as cadeias s\u00e3o pessoas que n\u00e3o cometeram crime hediondo e n\u00e3o se valeram de grave amea\u00e7a,\u201d afirmou.<\/p>\n<p>Ainda em defesa do decreto ele disse que as regras n\u00e3o alcan\u00e7am apenas crimes contra a administra\u00e7\u00e3o p\u00fablica, j\u00e1 que tamb\u00e9m incluem condenados por tr\u00e1fico de pessoas, drogas, armas e crimes cibern\u00e9ticos que, segundo ele, passaram a ser tratados neste ano com \u201cabstra\u00e7\u00e3o, impessoalidade e universalidade\u201d, que s\u00e3o crit\u00e9rios da norma jur\u00eddica.<\/p>\n<p><strong>Cr\u00edticas<\/strong><\/p>\n<p>Em resposta \u00e0s cr\u00edticas do coordenador da Lava Jato, Deltan Dallagnol, que afirmou que a medida \u201c\u00e9 um feir\u00e3o de Natal para corruptos\u201d, Torquato Jardim garantiu que o indulto n\u00e3o traz nenhum preju\u00edzo \u00e0 opera\u00e7\u00e3o. \u201c\u00c9 sempre uma escolha filos\u00f3fica e humanit\u00e1ria do presidente da Rep\u00fablica\u201d, explicou.<\/p>\n<p>Sobre o fato de n\u00e3o terem sido acolhidas as recomenda\u00e7\u00f5es do Conselho Nacional de Pol\u00edtica Criminal e Penitenci\u00e1ria e do Minist\u00e9rio P\u00fablico, para que os crimes contra a administra\u00e7\u00e3o p\u00fablica ficassem fora da norma, Torquato Jardim lembrou que o conselho \u00e9 um \u00f3rg\u00e3o de aconselhamento e que a decis\u00e3o do presidente da Rep\u00fablica n\u00e3o \u00e9 um ato judicial, nem do Minist\u00e9rio P\u00fablico.<\/p>\n<p>Em nota publicada ontem, a Transpar\u00eancia Internacional diz que recebeu com \u201cprofunda preocupa\u00e7\u00e3o\u201d o decreto. \u201cA frustra\u00e7\u00e3o do efetivo cumprimento das penas impostas pela Justi\u00e7a sinaliza \u00e0 popula\u00e7\u00e3o que, com frequ\u00eancia, os corruptos e poderosos podem encontrar formas de escapar da Justi\u00e7a, a despeito da gravidade de seus crimes\u201d, diz o documento.<\/p>\n<p>Estudos da Transpar\u00eancia Internacional sobre a utiliza\u00e7\u00e3o de instrumentos de perd\u00e3o no mundo apontam que seu uso inadequado pode criar precedentes com potencial de minar o efeito dissuas\u00f3rio da Lei e a confian\u00e7a no pr\u00f3prio Estado de Direito, favorecendo uma cultura de impunidade.<\/p>\n<p><strong>Novas regras<\/strong><\/p>\n<p>O decreto \u00e9 assinado anualmente pelo presidente da Rep\u00fablica e estabelece regras para que o condenado possa receber o perd\u00e3o da pena. O de 2017 diminui para um quinto o tempo de cumprimento da pena para que o preso possa receber o benef\u00edcio, independentemente do total da puni\u00e7\u00e3o estabelecida na condena\u00e7\u00e3o. No ano passo, somente os sentenciados a no m\u00e1ximo 12 anos e que j\u00e1 tivessem cumprido um quarto da pena, foram beneficiados, desde que n\u00e3o reincidentes.<\/p>\n<p><strong>CARIRI EM A\u00c7\u00c3O<\/strong><\/p>\n<p><em>Com Portal Correio\/Foto: Reprodu\u00e7\u00e3o google<\/em><\/p>\n<p><strong>Leia mais not\u00edcias em\u00a0<\/strong><a href=\"http:\/\/www.caririemacao.com\/\"><strong>caririemacao.com<\/strong><\/a><strong>, siga nossa p\u00e1gina no\u00a0<\/strong><a href=\"https:\/\/www.facebook.com\/CaririEmAcao\/?ref=aymt_homepage_panel\"><strong>Facebook<\/strong><\/a>,<strong>\u00a0<\/strong><a href=\"https:\/\/www.instagram.com\/cariri_em_acao\/?hl=pt-br\"><strong>Instagram<\/strong><\/a><strong>\u00a0e <\/strong><a href=\"https:\/\/www.youtube.com\/channel\/UCAptA0jQuYQy8vMhLt2m4qg\"><strong>Youtube<\/strong><\/a><strong>\u00a0e veja nossas mat\u00e9rias, v\u00eddeos e fotos. Voc\u00ea tamb\u00e9m pode enviar informa\u00e7\u00f5es \u00e0 Reda\u00e7\u00e3o do Portal Cariri em A\u00e7\u00e3o pelo WhatsApp (83) 9 9634.5791, (83) 9 9601-1162.<\/strong><\/p>\n","protected":false},"excerpt":{"rendered":"<p>Um dia depois da publica\u00e7\u00e3o do decreto do presidente da Rep\u00fablica Michel Temer que deixou mais brandas as regras para o perd\u00e3o da pena de&hellip; <\/p>\n","protected":false},"author":2,"featured_media":35600,"comment_status":"closed","ping_status":"closed","sticky":false,"template":"","format":"standard","meta":{"sfsi_plus_gutenberg_text_before_share":"","sfsi_plus_gutenberg_show_text_before_share":"","sfsi_plus_gutenberg_icon_type":"","sfsi_plus_gutenberg_icon_alignemt":"","sfsi_plus_gutenburg_max_per_row":"","footnotes":""},"categories":[11],"tags":[],"class_list":["post-35597","post","type-post","status-publish","format-standard","has-post-thumbnail","hentry","category-politica"],"_links":{"self":[{"href":"https:\/\/www.caririemacao.com\/1\/wp-json\/wp\/v2\/posts\/35597","targetHints":{"allow":["GET"]}}],"collection":[{"href":"https:\/\/www.caririemacao.com\/1\/wp-json\/wp\/v2\/posts"}],"about":[{"href":"https:\/\/www.caririemacao.com\/1\/wp-json\/wp\/v2\/types\/post"}],"author":[{"embeddable":true,"href":"https:\/\/www.caririemacao.com\/1\/wp-json\/wp\/v2\/users\/2"}],"replies":[{"embeddable":true,"href":"https:\/\/www.caririemacao.com\/1\/wp-json\/wp\/v2\/comments?post=35597"}],"version-history":[{"count":0,"href":"https:\/\/www.caririemacao.com\/1\/wp-json\/wp\/v2\/posts\/35597\/revisions"}],"wp:featuredmedia":[{"embeddable":true,"href":"https:\/\/www.caririemacao.com\/1\/wp-json\/wp\/v2\/media\/35600"}],"wp:attachment":[{"href":"https:\/\/www.caririemacao.com\/1\/wp-json\/wp\/v2\/media?parent=35597"}],"wp:term":[{"taxonomy":"category","embeddable":true,"href":"https:\/\/www.caririemacao.com\/1\/wp-json\/wp\/v2\/categories?post=35597"},{"taxonomy":"post_tag","embeddable":true,"href":"https:\/\/www.caririemacao.com\/1\/wp-json\/wp\/v2\/tags?post=35597"}],"curies":[{"name":"wp","href":"https:\/\/api.w.org\/{rel}","templated":true}]}}