{"id":35610,"date":"2017-12-24T09:39:14","date_gmt":"2017-12-24T12:39:14","guid":{"rendered":"http:\/\/caririemacao.com\/1\/?p=35610"},"modified":"2017-12-24T09:39:14","modified_gmt":"2017-12-24T12:39:14","slug":"governo-da-venezuela-expulsa-embaixador-do-brasil-em-caracas","status":"publish","type":"post","link":"https:\/\/www.caririemacao.com\/1\/2017\/12\/24\/governo-da-venezuela-expulsa-embaixador-do-brasil-em-caracas\/","title":{"rendered":"Governo da Venezuela expulsa embaixador do Brasil em Caracas"},"content":{"rendered":"<div>A presidente da Assembleia Constituinte e ex-chanceler da Venezuela, Delcy Rodr\u00edguez, determinou, neste s\u00e1bado (23\/12), a expuls\u00e3o do embaixador do Brasil, Ruy Pereira, o que levou o governo brasileiro a se dizer disposto a tomar medida semelhante, abrindo um crise diplom\u00e1tica na rela\u00e7\u00e3o entre os dois pa\u00edses, que j\u00e1 vinha tensa nos \u00faltimos anos (<strong>veja linha do tempo abaixo<\/strong>).<\/p>\n<div id=\"publicidadeinterna\"><\/div>\n<\/div>\n<div>Na tev\u00ea estatal venezuelana, Delcy Rodr\u00edguez disse que, &#8220;no \u00e2mbito das compet\u00eancias da Assembleia Nacional Constituinte, em que est\u00e1 justamente a soberania, nas nossas bases de comiss\u00e3o, decidimos declarar &#8216;persona non grata&#8217; o encarregado de neg\u00f3cios do Canad\u00e1, e declarar &#8216;persona non grata&#8217; o embaixador do Brasil, at\u00e9 que se restitua o fio constitucional que o governo de fato violou, no caso deste pa\u00eds-irm\u00e3o&#8221;.<\/div>\n<div><\/div>\n<div>Com a decis\u00e3o da Venezuela de expulsar Pereira, que est\u00e1 de f\u00e9rias no Brasil, onde pretende passar as festas de fim de ano com a fam\u00edlia, o Minist\u00e9rio das Rela\u00e7\u00f5es Exteriores (MRE) do Brasil divulgou nota na qual afirma que, confirmada a atitude do pa\u00eds vizinho, &#8220;aplicar\u00e1 as medidas de reciprocidade correspondentes&#8221;, o que significa expulsar de Bras\u00edlia o embaixador Alberto Efra\u00edn Castellar Padilla. Ainda segundo a nota (<strong>leia a \u00edntegra abaixo<\/strong>),\u00a0a medida \u00e9 mais uma demonstra\u00e7\u00e3o do &#8220;car\u00e1ter autorit\u00e1rio da administra\u00e7\u00e3o Nicol\u00e1s Maduro e sua falta de disposi\u00e7\u00e3o para qualquer\u00a0 tipo de di\u00e1logo&#8221;.<\/div>\n<div><\/div>\n<p><strong>Governo brasileiro criticou Maduro\u00a0<\/strong><\/p>\n<div>A fala de Delcy, ao mencionar que o governo brasileiro violou a Constitui\u00e7\u00e3o (refer\u00eancia ao impeachment de Dilma Rousseff), parece uma clara resposta ao pronunciamento feito pelo presidente Michel Temer na \u00faltima quinta-feira (21\/12).\u00a0Ao falar na 51\u00aa C\u00fapula de Chefes do Mercado Comum do Sul (Mercosul), Temer fez cr\u00edticas ao governo de Nicol\u00e1s Maduro\u00a0e disse que a Venezuela n\u00e3o vive uma democracia.<\/div>\n<div><\/div>\n<div>No mesmo dia, o governo brasileiro divulgou nota afirmando que &#8220;repudia o continuado ass\u00e9dio do regime de Nicol\u00e1s Maduro \u00e0 oposi\u00e7\u00e3o venezuelana, com a arbitr\u00e1ria dissolu\u00e7\u00e3o dos governos municipais de Caracas e Alto Apure e a imposi\u00e7\u00e3o de exig\u00eancias que comprometem a participa\u00e7\u00e3o de importantes partidos de oposi\u00e7\u00e3o no processo eleitoral. S\u00e3o medidas que desmentem o anunciado interesse do governo venezuelano em buscar uma solu\u00e7\u00e3o negociada e duradoura para a crise&#8221;.<\/div>\n<div><\/div>\n<div>O documento diz ainda que &#8220;o Brasil insta o governo Maduro a reconhecer a gravidade do quadro humanit\u00e1rio e autorize a necess\u00e1ria ajuda internacional para fazer frente \u00e0s car\u00eancias que afligem a sociedade venezuelana, em particular em mat\u00e9ria de sa\u00fade e alimenta\u00e7\u00e3o. O Brasil reitera sua firme disposi\u00e7\u00e3o em doar medicamentos e alimentos ao querido povo venezuelano\u201d. Acredita-se que a decis\u00e3o de Delcy Rodrigues teria sido uma resposta ao comunicado enviado pelo Minist\u00e9rio das Rela\u00e7\u00f5es Exteriores.\n<\/div>\n<div><\/div>\n<div>\n<div class=\"news__image left\"><\/div>\n<p>Vale lembrar, ainda, que, ano passado, o MRE chamou o embaixador Ruy Pereira para consulta, medida que sinaliza descontentamento nas rela\u00e7\u00f5es bilaterais ap\u00f3s o governo de Nicol\u00e1s Maduro ter mandado seu embaixador retornar a Caracas, em repres\u00e1lia a nota divulgada pelo Itamaraty na \u00e9poca.<\/p><\/div>\n<div><\/div>\n<div>O documento afirmava rejeitar &#8220;as manifesta\u00e7\u00f5es dos governos de Venezuela, Cuba, Bol\u00edvia, Equador e Nicar\u00e1gua, assim como da Alian\u00e7a Bolivariana para os Povos de Nossa Am\u00e9rica\/Tratado de Coopera\u00e7\u00e3o dos Povos (ALBA\/TCP)&#8221;, que segundo o texto, permitem opini\u00f5es e propaga\u00e7\u00f5es de falsidades sobre o processo pol\u00edtico interno no Brasil, referindo-se ao impeachment da ex-presidente DIlma Rousseff.<\/div>\n<div><\/div>\n<div>Nessa ocasi\u00e3o, diplomatas brasileiros afirmaram que, quando um pa\u00eds age desta forma em rela\u00e7\u00e3o ao Brasil, o Minist\u00e9rio das Rela\u00e7\u00f5es Exteriores reage com decis\u00e3o semelhante. O incidente foi contornado e os embaixadores retornaram a seus postos.<\/div>\n<p><strong>\u00a0A nota do governo brasileiro<\/strong><\/p>\n<div>&#8220;O governo brasileiro tomou conhecimento de declara\u00e7\u00e3o de ex-chanceler\u00a0 venezuelana de que o governo desse pa\u00eds teria decidido declarar o\u00a0 embaixador do Brasil em Caracas &#8216;persona non grata&#8217;. Caso confirmada, essa decis\u00e3o demonstra, uma vez mais, o car\u00e1ter autorit\u00e1rio da administra\u00e7\u00e3o Nicol\u00e1s Maduro e sua falta de disposi\u00e7\u00e3o para qualquer tipo de di\u00e1logo. O Brasil aplicar\u00e1 as medidas de reciprocidade correspondentes.&#8221;<\/div>\n<div><\/div>\n<p><strong>Epis\u00f3dios da crise diplom\u00e1tica entre Brasil e Venezuela<\/strong><\/p>\n<div>Embora sejam considerados \u201cpa\u00edses-irm\u00e3os\u201d, Brasil e Venezuela est\u00e3o enfrentando problemas diplom\u00e1ticos desde 2015. Veja linha do tempo:<\/div>\n<div><strong>\u00a0<\/strong><\/div>\n<div><strong>2015 \u2014 Comitiva hostilizada<\/strong><\/div>\n<div>Uma comitiva de senadores brasileiros foi \u00e0 Venezuela para se reunir com l\u00edderes da oposi\u00e7\u00e3o a Nicol\u00e1s Maduro. Piquetes e hostilidades de grupos chavistas na sa\u00edda do aeroporto de Caracas impediram o prosseguimento do grupo, aumentando a press\u00e3o pol\u00edtica e diplom\u00e1tica ao governo Dilma Rousseff, aliado de Maduro.<\/div>\n<div><strong>\u00a0<\/strong><\/div>\n<div><strong>2016 \u2014 O impeachment<\/strong><\/div>\n<div>Quando Dilma Rousseff foi tirada do cargo de presidente da Rep\u00fablica por for\u00e7a do processo de impeachment, a rela\u00e7\u00e3o entre Brasil e Venezuela sofreu um rev\u00e9s: a posse provis\u00f3ria do ent\u00e3o vice, Michel Temer, e a designa\u00e7\u00e3o de Jos\u00e9 Serra para chanceler criaram um afastamento entre os dois pa\u00edses, que come\u00e7aram a criticar um ao outro. O Brasil convocou seu embaixador de volta &#8220;para consulta&#8221;, medida que sinaliza descontentamento nas rela\u00e7\u00f5es bilaterais.<\/div>\n<div><strong>\u00a0<\/strong><\/div>\n<div><strong>2017 \u2014 Prote\u00e7\u00e3o a juiz<\/strong><\/div>\n<div>Em sigilo, o embaixador Ruy Pereira concedeu prote\u00e7\u00e3o na embaixada brasileira em Caracas a um juiz venezuelano. Ildefonso Ifill Pino ficou sob prote\u00e7\u00e3o durante dois meses, antes de fugir de carro para a Col\u00f4mbia, sem ter conseguido salvo-conduto.<\/div>\n<div><strong>\u00a0<\/strong><\/div>\n<div><strong>2017 \u2014 Luta pela democracia<\/strong><\/div>\n<div>Na sequ\u00eancia, o Brasil passou a atuar abertamente no rep\u00fadio ao governo da Venezuela, ajudando a deixar Caracas isolada em institui\u00e7\u00f5es como OEA e Mercosul. Nesta semana, o presidente Michel Temer apelou pelo &#8220;retorno da democracia no pa\u00eds&#8221;.<\/div>\n<div>\n<p><strong>CARIRI EM A\u00c7\u00c3O<\/strong><\/p>\n<p>Com Correio\u00a0Braziliense\/Foto: Reprodu\u00e7\u00e3o google<\/p>\n<p><strong>Leia mais not\u00edcias em\u00a0<\/strong><a href=\"http:\/\/www.caririemacao.com\/\"><strong>caririemacao.com<\/strong><\/a><strong>, siga nossa p\u00e1gina no\u00a0<\/strong><a href=\"https:\/\/www.facebook.com\/CaririEmAcao\/?ref=aymt_homepage_panel\"><strong>Facebook<\/strong><\/a>,<strong>\u00a0<\/strong><a href=\"https:\/\/www.instagram.com\/cariri_em_acao\/?hl=pt-br\"><strong>Instagram<\/strong><\/a><strong>\u00a0e <\/strong><a href=\"https:\/\/www.youtube.com\/channel\/UCAptA0jQuYQy8vMhLt2m4qg\"><strong>Youtube<\/strong><\/a><strong>\u00a0e veja nossas mat\u00e9rias, v\u00eddeos e fotos. Voc\u00ea tamb\u00e9m pode enviar informa\u00e7\u00f5es \u00e0 Reda\u00e7\u00e3o do Portal Cariri em A\u00e7\u00e3o pelo WhatsApp (83) 9 9634.5791, (83) 9 9601-1162.<\/strong><\/p>\n<\/div>\n","protected":false},"excerpt":{"rendered":"<p>A presidente da Assembleia Constituinte e ex-chanceler da Venezuela, Delcy Rodr\u00edguez, determinou, neste s\u00e1bado (23\/12), a expuls\u00e3o do embaixador do Brasil, Ruy Pereira, o que&hellip; <\/p>\n","protected":false},"author":2,"featured_media":35611,"comment_status":"closed","ping_status":"closed","sticky":false,"template":"","format":"standard","meta":{"sfsi_plus_gutenberg_text_before_share":"","sfsi_plus_gutenberg_show_text_before_share":"","sfsi_plus_gutenberg_icon_type":"","sfsi_plus_gutenberg_icon_alignemt":"","sfsi_plus_gutenburg_max_per_row":"","footnotes":""},"categories":[11],"tags":[],"class_list":["post-35610","post","type-post","status-publish","format-standard","has-post-thumbnail","hentry","category-politica"],"_links":{"self":[{"href":"https:\/\/www.caririemacao.com\/1\/wp-json\/wp\/v2\/posts\/35610","targetHints":{"allow":["GET"]}}],"collection":[{"href":"https:\/\/www.caririemacao.com\/1\/wp-json\/wp\/v2\/posts"}],"about":[{"href":"https:\/\/www.caririemacao.com\/1\/wp-json\/wp\/v2\/types\/post"}],"author":[{"embeddable":true,"href":"https:\/\/www.caririemacao.com\/1\/wp-json\/wp\/v2\/users\/2"}],"replies":[{"embeddable":true,"href":"https:\/\/www.caririemacao.com\/1\/wp-json\/wp\/v2\/comments?post=35610"}],"version-history":[{"count":0,"href":"https:\/\/www.caririemacao.com\/1\/wp-json\/wp\/v2\/posts\/35610\/revisions"}],"wp:featuredmedia":[{"embeddable":true,"href":"https:\/\/www.caririemacao.com\/1\/wp-json\/wp\/v2\/media\/35611"}],"wp:attachment":[{"href":"https:\/\/www.caririemacao.com\/1\/wp-json\/wp\/v2\/media?parent=35610"}],"wp:term":[{"taxonomy":"category","embeddable":true,"href":"https:\/\/www.caririemacao.com\/1\/wp-json\/wp\/v2\/categories?post=35610"},{"taxonomy":"post_tag","embeddable":true,"href":"https:\/\/www.caririemacao.com\/1\/wp-json\/wp\/v2\/tags?post=35610"}],"curies":[{"name":"wp","href":"https:\/\/api.w.org\/{rel}","templated":true}]}}