{"id":35613,"date":"2017-12-24T10:03:23","date_gmt":"2017-12-24T13:03:23","guid":{"rendered":"http:\/\/caririemacao.com\/1\/?p=35613"},"modified":"2017-12-24T10:03:23","modified_gmt":"2017-12-24T13:03:23","slug":"moro-lava-as-maos-sobre-eventual-eleicao-sem-lula","status":"publish","type":"post","link":"https:\/\/www.caririemacao.com\/1\/2017\/12\/24\/moro-lava-as-maos-sobre-eventual-eleicao-sem-lula\/","title":{"rendered":"Moro lava as m\u00e3os sobre eventual elei\u00e7\u00e3o sem Lula"},"content":{"rendered":"<p>O juiz Sergio Moro, que conduz a Lava Jato, n\u00e3o se sente respons\u00e1vel diante do risco de que a democracia brasileira, j\u00e1 golpeada em 2016, com a substitui\u00e7\u00e3o ileg\u00edtima de uma presidente honesta por uma quadrilha, seja novamente golpeada em 2018, com a realiza\u00e7\u00e3o de uma elei\u00e7\u00f5es sem o candidato que lidera todas as pesquisas, representa a esperan\u00e7a da maioria da popula\u00e7\u00e3o em rela\u00e7\u00e3o ao desmonte do estado e tem at\u00e9 45% das inten\u00e7\u00f5es de voto.<\/p>\n<p>&#8220;O papel do juiz \u00e9 cumprir a lei. O juiz cumpre a lei e julga os processos segundo as leis. As consequ\u00eancias fora do processo n\u00e3o s\u00e3o da responsabilidade do juiz. Se eventualmente essa situa\u00e7\u00e3o acontecer, n\u00e3o foi porque o juiz assim decidiu. Algu\u00e9m cometeu um crime, a lei prev\u00ea inabilita\u00e7\u00f5es e isso pode acontecer&#8221;, disse ele, em entrevista ao jornal O Globo. &#8220;Eu j\u00e1 prolatei a senten\u00e7a e tudo que eu tinha a dizer sobre o caso est\u00e1 nela. Hoje est\u00e1 submetida a recurso de apela\u00e7\u00e3o. Os desembargadores do TRF s\u00e3o pessoas absolutamente s\u00e9rias e eles podem confirmar ou reformar a senten\u00e7a. Estou absolutamente tranquilo quanto ao que eu decidi e ao que eles podem decidir, seja confirmando ou reformando a senten\u00e7a.&#8221;<\/p>\n<p>Moro tamb\u00e9m defendeu que pris\u00f5es em segunda inst\u00e2ncia sejam mantidas, afirmando que este seria o maior risco em rela\u00e7\u00e3o \u00e0 continuidade da Lava Jato.<\/p>\n<p>Na esquerda brasileira, Moro \u00e9 acusado de ter condenado Lula n\u00e3o em fun\u00e7\u00e3o das provas, mas justamente para que ele fosse banido da vida pol\u00edtica. Com isso, teriam continuidade pol\u00edticas contr\u00e1rias ao interesse nacional, como a entrega das reservas do petr\u00f3leo a multinacionais.<\/p>\n<p>Em manifesto, os principais artistas e intelectuais do Brasil apontam que &#8220;elei\u00e7\u00e3o sem Lula \u00e9 fraude&#8221; e dizem que o Poder Judici\u00e1rio estaria sendo instrumentalizado por interesses escusos.<\/p>\n<p>Leia abaixo o manifesto:<\/p>\n<p><strong>Manifesto Elei\u00e7\u00e3o sem Lula \u00e9 fraude<\/strong><\/p>\n<p>A tentativa de marcar em tempo recorde para o dia 24 de janeiro a data do julgamento em segunda inst\u00e2ncia do processo de Lula nada tem de legalidade. Trata-se de um puro ato de persegui\u00e7\u00e3o da lideran\u00e7a pol\u00edtica mais popular do pa\u00eds. O recurso de recorrer ao expediente esp\u00fario de intervir no processo eleitoral sucede porque o golpe do Impeachment de Dilma n\u00e3o gerou um regime pol\u00edtico de estabilidade conservadora por longos anos.<\/p>\n<p>O plano estrat\u00e9gico em curso, depois de afastar Dilma da Presid\u00eancia da Rep\u00fablica, retira os direitos dos trabalhadores, amea\u00e7a a previd\u00eancia p\u00fablica, privatiza a Petrobras, a Eletrobras e os bancos p\u00fablicos, al\u00e9m de abandonar a pol\u00edtica externa ativa e altiva.<\/p>\n<p>A reforma trabalhista e o teto de gastos n\u00e3o atra\u00edram os investimentos externos prometidos, que poderiam sustentar a campanha em 2018 de um governo alinhado ao neoliberalismo. Diante da impopularidade, esses setores n\u00e3o conseguiram construir, at\u00e9 o momento, uma candidatura vi\u00e1vel \u00e0 presid\u00eancia.<\/p>\n<p>Lula cresce nas pesquisas em todos os cen\u00e1rios de primeiro e segundo turno e at\u00e9 pode ganhar em primeiro turno. O cen\u00e1rio de vit\u00f3ria consagradora de Lula significaria o fracasso do golpe, possibilitaria a abertura de um novo ciclo pol\u00edtico.<\/p>\n<p>Por isso, a trama de impedir a candidatura do Lula vale tudo: condena\u00e7\u00e3o no tribunal de Porto Alegre, institui\u00e7\u00e3o do semiparlamentarismo e at\u00e9 adiar as elei\u00e7\u00f5es. Nenhuma das a\u00e7\u00f5es elencadas est\u00e3o fora de cogita\u00e7\u00e3o. Comp\u00f5em o arsenal de maldades de for\u00e7as pol\u00edticas que n\u00e3o prezam a democracia.<\/p>\n<p>Uma persegui\u00e7\u00e3o totalmente pol\u00edtica, que s\u00f3 ser\u00e1 derrotada no terreno da pol\u00edtica. Mais que um problema t\u00e1tico ou eleitoral, vit\u00f3ria ou derrota nessa luta ter\u00e1 consequ\u00eancias estrat\u00e9gicas e de longo prazo.<\/p>\n<p>O Brasil vive um momento de encruzilhada: ou restauramos os direitos sociais e o Estado Democr\u00e1tico de Direito ou seremos derrotados e assistiremos a definitiva implanta\u00e7\u00e3o de uma sociedade de capitalismo sem regula\u00e7\u00f5es, baseada na superexplora\u00e7\u00e3o dos trabalhadores. Este tipo de sociedade requer um Estado dotado de instrumentos de Exce\u00e7\u00e3o para reprimir as universidades, os intelectuais, os trabalhadores, as mulheres, a juventude, os pobres, os negros. Enfim, todos os explorados e oprimidos que se levantarem contra o novo sistema.<\/p>\n<p>Assim, a quest\u00e3o da persegui\u00e7\u00e3o a Lula n\u00e3o diz respeito somente ao PT e \u00e0 esquerda, mas a todos os cidad\u00e3os brasileiros. Como nunca antes em nossa gera\u00e7\u00e3o de lutadores, o que se encontra em jogo \u00e9 o futuro da democracia.<\/p>\n<p><strong>CARIRI EM A\u00c7\u00c3O<\/strong><\/p>\n<p><em>Com Brasil 247\/Foto: Reprodu\u00e7\u00e3o google<\/em><\/p>\n<p><strong>Leia mais not\u00edcias em\u00a0<\/strong><a href=\"http:\/\/www.caririemacao.com\/\"><strong>caririemacao.com<\/strong><\/a><strong>, siga nossa p\u00e1gina no\u00a0<\/strong><a href=\"https:\/\/www.facebook.com\/CaririEmAcao\/?ref=aymt_homepage_panel\"><strong>Facebook<\/strong><\/a>,<strong>\u00a0<\/strong><a href=\"https:\/\/www.instagram.com\/cariri_em_acao\/?hl=pt-br\"><strong>Instagram<\/strong><\/a><strong>\u00a0e <\/strong><a href=\"https:\/\/www.youtube.com\/channel\/UCAptA0jQuYQy8vMhLt2m4qg\"><strong>Youtube<\/strong><\/a><strong>\u00a0e veja nossas mat\u00e9rias, v\u00eddeos e fotos. Voc\u00ea tamb\u00e9m pode enviar informa\u00e7\u00f5es \u00e0 Reda\u00e7\u00e3o do Portal Cariri em A\u00e7\u00e3o pelo WhatsApp (83) 9 9634.5791, (83) 9 9601-1162.<\/strong><\/p>\n","protected":false},"excerpt":{"rendered":"<p>O juiz Sergio Moro, que conduz a Lava Jato, n\u00e3o se sente respons\u00e1vel diante do risco de que a democracia brasileira, j\u00e1 golpeada em 2016,&hellip; <\/p>\n","protected":false},"author":2,"featured_media":19521,"comment_status":"closed","ping_status":"closed","sticky":false,"template":"","format":"standard","meta":{"sfsi_plus_gutenberg_text_before_share":"","sfsi_plus_gutenberg_show_text_before_share":"","sfsi_plus_gutenberg_icon_type":"","sfsi_plus_gutenberg_icon_alignemt":"","sfsi_plus_gutenburg_max_per_row":"","footnotes":""},"categories":[1],"tags":[],"class_list":["post-35613","post","type-post","status-publish","format-standard","has-post-thumbnail","hentry","category-o-site"],"_links":{"self":[{"href":"https:\/\/www.caririemacao.com\/1\/wp-json\/wp\/v2\/posts\/35613","targetHints":{"allow":["GET"]}}],"collection":[{"href":"https:\/\/www.caririemacao.com\/1\/wp-json\/wp\/v2\/posts"}],"about":[{"href":"https:\/\/www.caririemacao.com\/1\/wp-json\/wp\/v2\/types\/post"}],"author":[{"embeddable":true,"href":"https:\/\/www.caririemacao.com\/1\/wp-json\/wp\/v2\/users\/2"}],"replies":[{"embeddable":true,"href":"https:\/\/www.caririemacao.com\/1\/wp-json\/wp\/v2\/comments?post=35613"}],"version-history":[{"count":0,"href":"https:\/\/www.caririemacao.com\/1\/wp-json\/wp\/v2\/posts\/35613\/revisions"}],"wp:featuredmedia":[{"embeddable":true,"href":"https:\/\/www.caririemacao.com\/1\/wp-json\/wp\/v2\/media\/19521"}],"wp:attachment":[{"href":"https:\/\/www.caririemacao.com\/1\/wp-json\/wp\/v2\/media?parent=35613"}],"wp:term":[{"taxonomy":"category","embeddable":true,"href":"https:\/\/www.caririemacao.com\/1\/wp-json\/wp\/v2\/categories?post=35613"},{"taxonomy":"post_tag","embeddable":true,"href":"https:\/\/www.caririemacao.com\/1\/wp-json\/wp\/v2\/tags?post=35613"}],"curies":[{"name":"wp","href":"https:\/\/api.w.org\/{rel}","templated":true}]}}