{"id":35618,"date":"2017-12-24T09:59:57","date_gmt":"2017-12-24T12:59:57","guid":{"rendered":"http:\/\/caririemacao.com\/1\/?p=35618"},"modified":"2017-12-24T09:59:57","modified_gmt":"2017-12-24T12:59:57","slug":"100-mil-armas-foram-retiradas-de-foruns","status":"publish","type":"post","link":"https:\/\/www.caririemacao.com\/1\/2017\/12\/24\/100-mil-armas-foram-retiradas-de-foruns\/","title":{"rendered":"100 mil armas foram retiradas de f\u00f3runs"},"content":{"rendered":"<p>Um m\u00eas ap\u00f3s assinatura do\u00a0Acordo de Coopera\u00e7\u00e3o T\u00e9cnica entre a presidente do Conselho Nacional de Justi\u00e7a (CNJ) e do Supremo Tribunal Federal (STF), ministra C\u00e1rmen L\u00facia, e o\u00a0Comandante do Ex\u00e9rcito Brasileiro,\u00a0General Villas B\u00f4as,\u00a0mais de 100 mil armas j\u00e1 foram retiradas dos f\u00f3runs de todo o Pa\u00eds.\u00a0Por determina\u00e7\u00e3o legal, o\u00a0material \u00e9 entregue ao Ex\u00e9rcito para ser destru\u00eddo.<\/p>\n<p>As armas encaminhadas para destrui\u00e7\u00e3o s\u00e3o aquelas que foram consideradas\u00a0desnecess\u00e1rias,\u00a0pelos ju\u00edzes,\u00a0para a continuidade e instru\u00e7\u00e3o dos processos judiciais. Pelo\u00a0acordo, cabe ao CNJ estabelecer parceria com\u00a0os tribunais para que estes enviem ao Ex\u00e9rcito as armas de fogo e muni\u00e7\u00f5es apreendidas. Ao Ex\u00e9rcito, cabe indicar as unidades respons\u00e1veis pelo recebimento das armas de fogo e muni\u00e7\u00f5es recolhidas pelo Poder Judici\u00e1rio e adotar medidas para acelerar o procedimento de destrui\u00e7\u00e3o ou doa\u00e7\u00e3o.<\/p>\n<p>A \u00faltima grande opera\u00e7\u00e3o de\u00a0destrui\u00e7\u00e3o de armas entregues aconteceu no Rio de Janeiro\u00a0na quarta-feira (20\/12), onde\u00a0cerca de duas mil armas\u00a0que estavam nos f\u00f3runs de Justi\u00e7a foram destru\u00eddas. A a\u00e7\u00e3o,\u00a0realizada no Batalh\u00e3o de Manuten\u00e7\u00e3o\u00a0e Suprimento de Armamento (BMSA), no bairro de Deodoro, integra a Opera\u00e7\u00e3o Vulc\u00e3o. A\u00a0ministra\u00a0C\u00e1rmen L\u00facia\u00a0acompanhou pessoalmente a destrui\u00e7\u00e3o das armas. Antes, em 8 de dezembro deste ano,\u00a03,8 mil armas de f\u00f3runs de Justi\u00e7a foram destru\u00eddas em Bras\u00edlia.<\/p>\n<h4><strong>Parceria<\/strong><\/h4>\n<p>O Ex\u00e9rcito Brasileiro tem\u00a0feito\u00a0todos os esfor\u00e7os necess\u00e1rios\u00a0para a capacita\u00e7\u00e3o do pessoal e a prepara\u00e7\u00e3o das instala\u00e7\u00f5es,\u00a0conforme exig\u00eancias,\u00a0para o cumprimento da miss\u00e3o de destrui\u00e7\u00e3o das armas. A Diretoria de Fiscaliza\u00e7\u00e3o de Produtos Controlados (DFPC), em coordena\u00e7\u00e3o com o Servi\u00e7o de Fiscaliza\u00e7\u00e3o de Produtos Controlados (SFPC) das doze Regi\u00f5es Militares de todo o Pa\u00eds, desencadeou\u00a0a Opera\u00e7\u00e3o\u00a0Vulc\u00e3o, que tem entre seus objetivos viabilizar a completa destrui\u00e7\u00e3o de, pelo menos, cem mil armas at\u00e9 o final de dezembro\u00a0de 2017, em cumprimento ao acordo firmado com o CNJ.<\/p>\n<h4><strong>Normas<\/strong><\/h4>\n<p>Desde 2011, a\u00a0Resolu\u00e7\u00e3o 134 do CNJ\u00a0determina que os tribunais encaminhem, pelo menos duas vezes por ano, as armas de fogo\u00a0e muni\u00e7\u00f5es apreendidas para o Comando do Ex\u00e9rcito Brasileiro a\u00a0fim de serem destru\u00eddas ou doadas, ap\u00f3s elabora\u00e7\u00e3o de laudo pericial. Entre as\u00a0fundamenta\u00e7\u00f5es da norma est\u00e1 o fato de que manter o grande n\u00famero\u00a0de armas em dep\u00f3sitos judiciais compromete a seguran\u00e7a dos pr\u00e9dios p\u00fablicos\u00a0utilizados pelo Judici\u00e1rio.<\/p>\n<p>Tamb\u00e9m h\u00e1 previs\u00e3o da a\u00e7\u00e3o\u00a0no\u00a0Decreto n. 8.938, de 21 de dezembro de 2016, que altera a Lei n. 10.826, de 22 de dezembro de 2003 (Estatuto do Desarmamento) e disp\u00f5e sobre\u00a0a doa\u00e7\u00e3o de armas apreendidas aos \u00f3rg\u00e3os de seguran\u00e7a p\u00fablica e \u00e0s For\u00e7as Armadas.<\/p>\n<p><strong>CARIRI EM A\u00c7\u00c3O<\/strong><\/p>\n<p><em>Com CNJ\/Foto: Reprodu\u00e7\u00e3o google<\/em><\/p>\n<p><strong>Leia mais not\u00edcias em\u00a0<\/strong><a href=\"http:\/\/www.caririemacao.com\/\"><strong>caririemacao.com<\/strong><\/a><strong>, siga nossa p\u00e1gina no\u00a0<\/strong><a href=\"https:\/\/www.facebook.com\/CaririEmAcao\/?ref=aymt_homepage_panel\"><strong>Facebook<\/strong><\/a>,<strong>\u00a0<\/strong><a href=\"https:\/\/www.instagram.com\/cariri_em_acao\/?hl=pt-br\"><strong>Instagram<\/strong><\/a><strong>\u00a0e <\/strong><a href=\"https:\/\/www.youtube.com\/channel\/UCAptA0jQuYQy8vMhLt2m4qg\"><strong>Youtube<\/strong><\/a><strong>\u00a0e veja nossas mat\u00e9rias, v\u00eddeos e fotos. Voc\u00ea tamb\u00e9m pode enviar informa\u00e7\u00f5es \u00e0 Reda\u00e7\u00e3o do Portal Cariri em A\u00e7\u00e3o pelo WhatsApp (83) 9 9634.5791, (83) 9 9601-1162.<\/strong><\/p>\n","protected":false},"excerpt":{"rendered":"<p>Um m\u00eas ap\u00f3s assinatura do\u00a0Acordo de Coopera\u00e7\u00e3o T\u00e9cnica entre a presidente do Conselho Nacional de Justi\u00e7a (CNJ) e do Supremo Tribunal Federal (STF), ministra C\u00e1rmen&hellip; <\/p>\n","protected":false},"author":2,"featured_media":35619,"comment_status":"closed","ping_status":"closed","sticky":false,"template":"","format":"standard","meta":{"sfsi_plus_gutenberg_text_before_share":"","sfsi_plus_gutenberg_show_text_before_share":"","sfsi_plus_gutenberg_icon_type":"","sfsi_plus_gutenberg_icon_alignemt":"","sfsi_plus_gutenburg_max_per_row":"","footnotes":""},"categories":[12],"tags":[],"class_list":["post-35618","post","type-post","status-publish","format-standard","has-post-thumbnail","hentry","category-policia"],"_links":{"self":[{"href":"https:\/\/www.caririemacao.com\/1\/wp-json\/wp\/v2\/posts\/35618","targetHints":{"allow":["GET"]}}],"collection":[{"href":"https:\/\/www.caririemacao.com\/1\/wp-json\/wp\/v2\/posts"}],"about":[{"href":"https:\/\/www.caririemacao.com\/1\/wp-json\/wp\/v2\/types\/post"}],"author":[{"embeddable":true,"href":"https:\/\/www.caririemacao.com\/1\/wp-json\/wp\/v2\/users\/2"}],"replies":[{"embeddable":true,"href":"https:\/\/www.caririemacao.com\/1\/wp-json\/wp\/v2\/comments?post=35618"}],"version-history":[{"count":0,"href":"https:\/\/www.caririemacao.com\/1\/wp-json\/wp\/v2\/posts\/35618\/revisions"}],"wp:featuredmedia":[{"embeddable":true,"href":"https:\/\/www.caririemacao.com\/1\/wp-json\/wp\/v2\/media\/35619"}],"wp:attachment":[{"href":"https:\/\/www.caririemacao.com\/1\/wp-json\/wp\/v2\/media?parent=35618"}],"wp:term":[{"taxonomy":"category","embeddable":true,"href":"https:\/\/www.caririemacao.com\/1\/wp-json\/wp\/v2\/categories?post=35618"},{"taxonomy":"post_tag","embeddable":true,"href":"https:\/\/www.caririemacao.com\/1\/wp-json\/wp\/v2\/tags?post=35618"}],"curies":[{"name":"wp","href":"https:\/\/api.w.org\/{rel}","templated":true}]}}