{"id":35621,"date":"2017-12-24T10:16:55","date_gmt":"2017-12-24T13:16:55","guid":{"rendered":"http:\/\/caririemacao.com\/1\/?p=35621"},"modified":"2017-12-24T10:16:55","modified_gmt":"2017-12-24T13:16:55","slug":"bnb-recusa-patrocinar-peca-sobre-ariano-e-producao-cancela-apresentacao-em-jp","status":"publish","type":"post","link":"https:\/\/www.caririemacao.com\/1\/2017\/12\/24\/bnb-recusa-patrocinar-peca-sobre-ariano-e-producao-cancela-apresentacao-em-jp\/","title":{"rendered":"BNB recusa patrocinar Pe\u00e7a sobre Ariano e produ\u00e7\u00e3o cancela apresenta\u00e7\u00e3o em JP"},"content":{"rendered":"<p>Revolta e indigna\u00e7\u00e3o \u00e9 o que tem sido gerado entre setores da sociedade paraibana diante do cancelamento da apresenta\u00e7\u00e3o do espet\u00e1culo &#8220;Suassuna &#8211; O Auto do Reino do Sol&#8221;, com Br\u00e1ulio Tavares, Chico C\u00e9sar, Lui Carlos Vasconcelos depois que o BNB resolveu n\u00e3o mais patrocinar o espet\u00e1culo.<\/p>\n<p>Segundo a Midia, a not\u00edcia foi dada pela pr\u00f3pria produ\u00e7\u00e3o do espet\u00e1culo, considerado uma das melhores produ\u00e7\u00f5es de 2017. A raz\u00e3o \u00e9 a retirada do patroc\u00ednio do Banco do Nordeste, principal financiador da circula\u00e7\u00e3o pelas cidades nordestinas da pe\u00e7a dedicada ao universo do escritor Ariano Suassuna.<\/p>\n<p>&#8220;Sem o patroc\u00ednio do Banco do Nordeste, n\u00f3s n\u00e3o temos condi\u00e7\u00f5es de arcar com as apresenta\u00e7\u00f5es da pe\u00e7a&#8221;, afirma Leila Moreno, produtora do espet\u00e1culo que conversou com a reportagem do CORREIO a fim de esclarecer esse cancelamento de \u00faltima hora. A pe\u00e7a estava prevista para acontecer no dias 13 e 14 de janeiro no Teatro Pedra do Reino.<\/p>\n<p>&#8220;Tudo o que eu mais queria \u00e9 que Jo\u00e3o Pessoa visse essa homenagem, que vissem a Barca dos Cora\u00e7\u00f5es Partidos fazendo esse espet\u00e1culo. A circula\u00e7\u00e3o estava confirmada pelo Banco do Nordeste h\u00e1 seis meses, ingressos sendo vendidos. \u00c9 inacredit\u00e1vel&#8221;, comenta Luiz Carlos Vasconcelos, diretor do espet\u00e1culo, em entrevista ao CORREIO.<\/p>\n<p>Apesar do cancelamento em terras paraibanas, o espet\u00e1culo segue sendo apresentado em Natal, no Rio Grande do Norte, nos dias 20 e 21 de janeiro. &#8220;N\u00f3s continuamos a apresentar l\u00e1 por conta de uma parceria comercial que viabilizou a ida do espet\u00e1culo para l\u00e1. Em Jo\u00e3o Pessoa, depend\u00edamos totalmente do Banco do Nordeste&#8221;, esclarece Leila.<\/p>\n<p><strong>CARIRI EM A\u00c7\u00c3O<\/strong><\/p>\n<p><em>Com Correio da Para\u00edba\/Foto: Reprodu\u00e7\u00e3o google\u00a0<\/em><\/p>\n<p><strong>Leia mais not\u00edcias em\u00a0<\/strong><a href=\"http:\/\/www.caririemacao.com\/\"><strong>caririemacao.com<\/strong><\/a><strong>, siga nossa p\u00e1gina no\u00a0<\/strong><a href=\"https:\/\/www.facebook.com\/CaririEmAcao\/?ref=aymt_homepage_panel\"><strong>Facebook<\/strong><\/a>,<strong>\u00a0<\/strong><a href=\"https:\/\/www.instagram.com\/cariri_em_acao\/?hl=pt-br\"><strong>Instagram<\/strong><\/a><strong>\u00a0e <\/strong><a href=\"https:\/\/www.youtube.com\/channel\/UCAptA0jQuYQy8vMhLt2m4qg\"><strong>Youtube<\/strong><\/a><strong>\u00a0e veja nossas mat\u00e9rias, v\u00eddeos e fotos. Voc\u00ea tamb\u00e9m pode enviar informa\u00e7\u00f5es \u00e0 Reda\u00e7\u00e3o do Portal Cariri em A\u00e7\u00e3o pelo WhatsApp (83) 9 9634.5791, (83) 9 9601-1162.<\/strong><\/p>\n","protected":false},"excerpt":{"rendered":"<p>Revolta e indigna\u00e7\u00e3o \u00e9 o que tem sido gerado entre setores da sociedade paraibana diante do cancelamento da apresenta\u00e7\u00e3o do espet\u00e1culo &#8220;Suassuna &#8211; O Auto&hellip; <\/p>\n","protected":false},"author":2,"featured_media":35627,"comment_status":"closed","ping_status":"closed","sticky":false,"template":"","format":"standard","meta":{"sfsi_plus_gutenberg_text_before_share":"","sfsi_plus_gutenberg_show_text_before_share":"","sfsi_plus_gutenberg_icon_type":"","sfsi_plus_gutenberg_icon_alignemt":"","sfsi_plus_gutenburg_max_per_row":"","footnotes":""},"categories":[2],"tags":[],"class_list":["post-35621","post","type-post","status-publish","format-standard","has-post-thumbnail","hentry","category-geral"],"_links":{"self":[{"href":"https:\/\/www.caririemacao.com\/1\/wp-json\/wp\/v2\/posts\/35621","targetHints":{"allow":["GET"]}}],"collection":[{"href":"https:\/\/www.caririemacao.com\/1\/wp-json\/wp\/v2\/posts"}],"about":[{"href":"https:\/\/www.caririemacao.com\/1\/wp-json\/wp\/v2\/types\/post"}],"author":[{"embeddable":true,"href":"https:\/\/www.caririemacao.com\/1\/wp-json\/wp\/v2\/users\/2"}],"replies":[{"embeddable":true,"href":"https:\/\/www.caririemacao.com\/1\/wp-json\/wp\/v2\/comments?post=35621"}],"version-history":[{"count":0,"href":"https:\/\/www.caririemacao.com\/1\/wp-json\/wp\/v2\/posts\/35621\/revisions"}],"wp:featuredmedia":[{"embeddable":true,"href":"https:\/\/www.caririemacao.com\/1\/wp-json\/wp\/v2\/media\/35627"}],"wp:attachment":[{"href":"https:\/\/www.caririemacao.com\/1\/wp-json\/wp\/v2\/media?parent=35621"}],"wp:term":[{"taxonomy":"category","embeddable":true,"href":"https:\/\/www.caririemacao.com\/1\/wp-json\/wp\/v2\/categories?post=35621"},{"taxonomy":"post_tag","embeddable":true,"href":"https:\/\/www.caririemacao.com\/1\/wp-json\/wp\/v2\/tags?post=35621"}],"curies":[{"name":"wp","href":"https:\/\/api.w.org\/{rel}","templated":true}]}}