{"id":35626,"date":"2017-12-24T10:53:09","date_gmt":"2017-12-24T13:53:09","guid":{"rendered":"http:\/\/caririemacao.com\/1\/?p=35626"},"modified":"2017-12-24T10:53:09","modified_gmt":"2017-12-24T13:53:09","slug":"gilmar-mendes-manda-investigar-audio-que-o-acusa-de-receber-dinheiro-para-soltar-garotinho","status":"publish","type":"post","link":"https:\/\/www.caririemacao.com\/1\/2017\/12\/24\/gilmar-mendes-manda-investigar-audio-que-o-acusa-de-receber-dinheiro-para-soltar-garotinho\/","title":{"rendered":"Gilmar Mendes manda investigar \u00e1udio que o acusa de receber dinheiro para soltar Garotinho"},"content":{"rendered":"<p>O ministro do Supremo Tribunal Federal\u00a0Gilmar Mendes\u00a0pediu para que o Corregedor Nacional de Justi\u00e7a, ministro Jo\u00e3o Ot\u00e1vio Noronha, e ao diretor-geral da PF, Fernando Segovia, \u2018tomem provid\u00eancias\u2019 para investigar \u00e1udio em que \u00e9 acusado de tomar propinas para soltar o ex-governador do Rio Anthony Garotinho e tirar a tornozeleira de Rosinha Garotinho.<\/p>\n<p>Em \u00e1udio atribu\u00eddo ao juiz eleitoral Glaucenir Oliveira, da Vara de Campos dos Goytacazes, que mandou prender Anthony Garotinho pela primeira vez, \u00e9 mencionada \u2018mala grande\u2019 ao ministro Gilmar Mendes, que determinou a soltura do ex-governador.<\/p>\n<p>O autor do \u00e1udio, que diz ser \u2018Glaucenir\u2019, afirma ter conversado com o juiz da 100\u00aa Vara de Campos dos Goytacazes a respeito da soltura de Rosinha Garotinho.<\/p>\n<p>\u201cEle ontem me ligou , trocou uma ideia comigo, com a soltura do garotinho e decidiu perguntar ao Gilmar Mendes mediante oficio muito respeitoso , por sinal, se podia estender as medidas cautelares diversas da pris\u00e3o n\u00e3o s\u00f3 ao Garotinho mas tamb\u00e9m aos outros envolvidos no processo, tendo em vista que um dia anterior ao que o Gilmar soltou o garotinho, o Dias Toffoli proferiu uma decis\u00e3o em rela\u00e7\u00e3o ao outro r\u00e9u, que \u00e9 o Fabiano Alonso, e soltou ele tamb\u00e9m e decretou essas medidas alternativas. E a rosinha, como voc\u00eas sabem, j\u00e1 estava com medidas alternativas, pris\u00e3o domiciliar e com a pulseira da tornozeleira eletr\u00f4nica. Pois o assessor do ministro Gilmar mendes ligou para o colega hoje, \u00e0 tarde, e disse que o Gilmar mendes determinou que nenhum dos r\u00e9us vai ficar com medidas cautelares\u201d.<\/p>\n<p>Ele faz acusa\u00e7\u00f5es ao ministro. \u201cE eu n\u00e3o quero aqui ser leviano, estou vendendo peixe conforme eu comprei, de coment\u00e1rios ouvidos aqui em Campos hoje, de pessoas inclusive do grupo do Bolinha, t\u00e1? E o que se fala aqui em Campos eu tenho acesso de pessoas que sabem que entendem porque est\u00e3o no meio. Ent\u00e3o, eu estou vendendo peixe conforme eu comprei, mas o que se cita aqui dentro do pr\u00f3prio grupo dele \u00e9 que a quantia foi alta\u201d.<\/p>\n<p>O autor do \u00e1udio, supostamente Glaucenir, diz ter sugerido ao magistrado que pe\u00e7a suspei\u00e7\u00e3o. \u201cEu at\u00e9 falei para ele. Se fizer isso fa\u00e7a numa linguagem t\u00e9cnica mas mostrando por a mais b a raz\u00e3o da sua insatisfa\u00e7\u00e3o e \u00b4porque voc\u00ea n\u00e3o tem mais trabalhar no processo, porque quem sabe ler, o pingo \u00e9 letra, n\u00e9? Vai entender a sujeirada que o Gilmar Mendes est\u00e1 fazendo\u201d.<\/p>\n<p>E volta a falar em propinas.<\/p>\n<p>\u201cA gente leva pedrada, tiro, enquanto o grande general desse poder judici\u00e1rio que \u00e9 ele agora, parece que \u00e9 o dono do poder, mela o trabalho s\u00e9rio que a gente faz, com sarcasmo , falta de vergonha, e segundo os coment\u00e1rios que ouvi hoje, coment\u00e1rios s\u00e9rios de gente l\u00e1 de dentro, \u00e9 que a mala foi grande\u201d, afirma.<\/p>\n<p>Glaucenir Oliveira, suposto autor do \u00e1udio, espalhado em grupos de WhatsApp de ju\u00edzes e procuradores, foi o magistrado que mandou prender ANthony Garotinho duas vezes. A primeira, no \u00e2mbito da Opera\u00e7\u00e3o Chequinho, que investiga o uso do programa Cheque Cidad\u00e3o, do munic\u00edpio de Campos, para obter apoio eleitoral. Na segunda vez, o magistrado deflagrou a Opera\u00e7\u00e3o Caixa D\u2019\u00c1gua, contra supostas propinas de R$ 3 milh\u00f5es da JBS ao ex-governador do Rio. De acordo com a den\u00fancia, a suposta organiza\u00e7\u00e3o criminosa chefiada por garotinho tinha at\u00e9 mesmo a participa\u00e7\u00e3o de um seguran\u00e7a usado para amea\u00e7ar e extorquir empres\u00e1rios.<\/p>\n<p>A pris\u00e3o foi revogada pelo presidente do Tribunal Superior Eleitoral, Gilmar Mendes, na \u00faltima quarta-feira, 20.<\/p>\n<p><strong>COM A PALAVRA, GILMAR<\/strong><\/p>\n<p>\u201cO ministro Gilmar Mendes solicitou provid\u00eancias ao Corregedor Nacional de Justi\u00e7a, ministro Jo\u00e3o Ot\u00e1vio Noronha e instaura\u00e7\u00e3o de inqu\u00e9rito ao diretor-geral da Pol\u00edcia Federal, Fernando Seg\u00f3via, a respeito do \u00e1udio que circulou hoje nas redes sociais no qual s\u00e3o feitas graves acusa\u00e7\u00f5es caluniosas \u00e0 sua pessoa e \u00e0s recentes decis\u00f5es tomadas por ele. Tamb\u00e9m foram comunicados o presidente e o corregedor do Tribunal de Justi\u00e7a do Rio de Janeiro. O ministro Gilmar reitera que suas decis\u00f5es s\u00e3o pautadas pelo respeito \u00e0s leis e \u00e0 Constitui\u00e7\u00e3o Federal\u201d<\/p>\n<div>\n<p><strong>CARIRI EM A\u00c7\u00c3O<\/strong><\/p>\n<p><em>Com Estad\u00e3o\/Foto: Reprodu\u00e7\u00e3o google\u00a0<\/em><\/p>\n<p><strong>Leia mais not\u00edcias em\u00a0<\/strong><a href=\"http:\/\/www.caririemacao.com\/\"><strong>caririemacao.com<\/strong><\/a><strong>, siga nossa p\u00e1gina no\u00a0<\/strong><a href=\"https:\/\/www.facebook.com\/CaririEmAcao\/?ref=aymt_homepage_panel\"><strong>Facebook<\/strong><\/a>,<strong>\u00a0<\/strong><a href=\"https:\/\/www.instagram.com\/cariri_em_acao\/?hl=pt-br\"><strong>Instagram<\/strong><\/a><strong>\u00a0e <\/strong><a href=\"https:\/\/www.youtube.com\/channel\/UCAptA0jQuYQy8vMhLt2m4qg\"><strong>Youtube<\/strong><\/a><strong>\u00a0e veja nossas mat\u00e9rias, v\u00eddeos e fotos. Voc\u00ea tamb\u00e9m pode enviar informa\u00e7\u00f5es \u00e0 Reda\u00e7\u00e3o do Portal Cariri em A\u00e7\u00e3o pelo WhatsApp (83) 9 9634.5791, (83) 9 9601-1162.<\/strong><\/p>\n<\/div>\n","protected":false},"excerpt":{"rendered":"<p>O ministro do Supremo Tribunal Federal\u00a0Gilmar Mendes\u00a0pediu para que o Corregedor Nacional de Justi\u00e7a, ministro Jo\u00e3o Ot\u00e1vio Noronha, e ao diretor-geral da PF, Fernando Segovia,&hellip; <\/p>\n","protected":false},"author":2,"featured_media":19236,"comment_status":"closed","ping_status":"closed","sticky":false,"template":"","format":"standard","meta":{"sfsi_plus_gutenberg_text_before_share":"","sfsi_plus_gutenberg_show_text_before_share":"","sfsi_plus_gutenberg_icon_type":"","sfsi_plus_gutenberg_icon_alignemt":"","sfsi_plus_gutenburg_max_per_row":"","footnotes":""},"categories":[11],"tags":[],"class_list":["post-35626","post","type-post","status-publish","format-standard","has-post-thumbnail","hentry","category-politica"],"_links":{"self":[{"href":"https:\/\/www.caririemacao.com\/1\/wp-json\/wp\/v2\/posts\/35626","targetHints":{"allow":["GET"]}}],"collection":[{"href":"https:\/\/www.caririemacao.com\/1\/wp-json\/wp\/v2\/posts"}],"about":[{"href":"https:\/\/www.caririemacao.com\/1\/wp-json\/wp\/v2\/types\/post"}],"author":[{"embeddable":true,"href":"https:\/\/www.caririemacao.com\/1\/wp-json\/wp\/v2\/users\/2"}],"replies":[{"embeddable":true,"href":"https:\/\/www.caririemacao.com\/1\/wp-json\/wp\/v2\/comments?post=35626"}],"version-history":[{"count":0,"href":"https:\/\/www.caririemacao.com\/1\/wp-json\/wp\/v2\/posts\/35626\/revisions"}],"wp:featuredmedia":[{"embeddable":true,"href":"https:\/\/www.caririemacao.com\/1\/wp-json\/wp\/v2\/media\/19236"}],"wp:attachment":[{"href":"https:\/\/www.caririemacao.com\/1\/wp-json\/wp\/v2\/media?parent=35626"}],"wp:term":[{"taxonomy":"category","embeddable":true,"href":"https:\/\/www.caririemacao.com\/1\/wp-json\/wp\/v2\/categories?post=35626"},{"taxonomy":"post_tag","embeddable":true,"href":"https:\/\/www.caririemacao.com\/1\/wp-json\/wp\/v2\/tags?post=35626"}],"curies":[{"name":"wp","href":"https:\/\/api.w.org\/{rel}","templated":true}]}}