{"id":35629,"date":"2017-12-24T10:54:30","date_gmt":"2017-12-24T13:54:30","guid":{"rendered":"http:\/\/caririemacao.com\/1\/?p=35629"},"modified":"2017-12-24T10:56:37","modified_gmt":"2017-12-24T13:56:37","slug":"temer-faz-pronunciamento-em-rede-nacional-hoje-vespera-de-natal","status":"publish","type":"post","link":"https:\/\/www.caririemacao.com\/1\/2017\/12\/24\/temer-faz-pronunciamento-em-rede-nacional-hoje-vespera-de-natal\/","title":{"rendered":"Temer faz pronunciamento em rede nacional hoje, v\u00e9spera de Natal"},"content":{"rendered":"<div class=\"ol-content-desc\">\n<p>Planalto divulga fala do presidente na noite de neste domingo em emissoras de televis\u00e3o e no r\u00e1dio<\/p>\n<p>A assessoria do Pal\u00e1cio do Planalto anunciou que um pronunciamento feito pelo presidente Michel Temer ser\u00e1 exibido em rede nacional de r\u00e1dio e televis\u00e3o \u00e0s 20h30 deste domingo (24), v\u00e9spera da Natal.<\/p>\n<p>No ano passado, o peemedebista tamb\u00e9m divulgou uma mensagem na data, ocasi\u00e3o em que afirmou que 2017 seria o ano para superar a crise. \u201cOs juros est\u00e3o caindo e cair\u00e3o ainda mais. Os empres\u00e1rios voltar\u00e3o a investir e vamos recuperar os empregos perdidos. Precisamos crescer. Trabalhamos para voltar a crescer. Vamos crescer!\u201d, disse.<\/p>\n<p>De acordo com informa\u00e7\u00f5es do G1, o v\u00eddeo foi gravado durante a \u00faltima semana, em Bras\u00edlia. Na \u00faltima sexta (22), o presidente viajou para S\u00e3o Paulo, onde passar\u00e1 o feriado com a fam\u00edlia. Na manh\u00e3 do mesmo dia, ele participou de um caf\u00e9 com jornalistas no Pal\u00e1cio da Alvorada.<\/p>\n<p>No evento, o peemedebista afirmou que passar\u00e1 o Ano Novo &#8220;na praia&#8221;. Temer deve optar pela restinga da Marambaia (RJ) ou pela base naval de Aratu (BA), ambas administradas pela Marinha. Em 2016, o presidente e a fam\u00edlia foram para a restinga da Marambaia.<\/p>\n<\/div>\n<div><strong>CARIRI EM A\u00c7\u00c3O<\/strong><\/div>\n<div>\n<p>Com Rep\u00f3rter PB\/Foto: Reprodu\u00e7\u00e3o google<\/p>\n<p><strong>Leia mais not\u00edcias em\u00a0<\/strong><a href=\"http:\/\/www.caririemacao.com\/\"><strong>caririemacao.com<\/strong><\/a><strong>, siga nossa p\u00e1gina no\u00a0<\/strong><a href=\"https:\/\/www.facebook.com\/CaririEmAcao\/?ref=aymt_homepage_panel\"><strong>Facebook<\/strong><\/a>,<strong>\u00a0<\/strong><a href=\"https:\/\/www.instagram.com\/cariri_em_acao\/?hl=pt-br\"><strong>Instagram<\/strong><\/a><strong>\u00a0e <\/strong><a href=\"https:\/\/www.youtube.com\/channel\/UCAptA0jQuYQy8vMhLt2m4qg\"><strong>Youtube<\/strong><\/a><strong>\u00a0e veja nossas mat\u00e9rias, v\u00eddeos e fotos. Voc\u00ea tamb\u00e9m pode enviar informa\u00e7\u00f5es \u00e0 Reda\u00e7\u00e3o do Portal Cariri em A\u00e7\u00e3o pelo WhatsApp (83) 9 9634.5791, (83) 9 9601-1162.<\/strong><\/p>\n<\/div>\n","protected":false},"excerpt":{"rendered":"<p>Planalto divulga fala do presidente na noite de neste domingo em emissoras de televis\u00e3o e no r\u00e1dio A assessoria do Pal\u00e1cio do Planalto anunciou que&hellip; <\/p>\n","protected":false},"author":2,"featured_media":35633,"comment_status":"closed","ping_status":"closed","sticky":false,"template":"","format":"standard","meta":{"sfsi_plus_gutenberg_text_before_share":"","sfsi_plus_gutenberg_show_text_before_share":"","sfsi_plus_gutenberg_icon_type":"","sfsi_plus_gutenberg_icon_alignemt":"","sfsi_plus_gutenburg_max_per_row":"","footnotes":""},"categories":[11],"tags":[],"class_list":["post-35629","post","type-post","status-publish","format-standard","has-post-thumbnail","hentry","category-politica"],"_links":{"self":[{"href":"https:\/\/www.caririemacao.com\/1\/wp-json\/wp\/v2\/posts\/35629","targetHints":{"allow":["GET"]}}],"collection":[{"href":"https:\/\/www.caririemacao.com\/1\/wp-json\/wp\/v2\/posts"}],"about":[{"href":"https:\/\/www.caririemacao.com\/1\/wp-json\/wp\/v2\/types\/post"}],"author":[{"embeddable":true,"href":"https:\/\/www.caririemacao.com\/1\/wp-json\/wp\/v2\/users\/2"}],"replies":[{"embeddable":true,"href":"https:\/\/www.caririemacao.com\/1\/wp-json\/wp\/v2\/comments?post=35629"}],"version-history":[{"count":0,"href":"https:\/\/www.caririemacao.com\/1\/wp-json\/wp\/v2\/posts\/35629\/revisions"}],"wp:featuredmedia":[{"embeddable":true,"href":"https:\/\/www.caririemacao.com\/1\/wp-json\/wp\/v2\/media\/35633"}],"wp:attachment":[{"href":"https:\/\/www.caririemacao.com\/1\/wp-json\/wp\/v2\/media?parent=35629"}],"wp:term":[{"taxonomy":"category","embeddable":true,"href":"https:\/\/www.caririemacao.com\/1\/wp-json\/wp\/v2\/categories?post=35629"},{"taxonomy":"post_tag","embeddable":true,"href":"https:\/\/www.caririemacao.com\/1\/wp-json\/wp\/v2\/tags?post=35629"}],"curies":[{"name":"wp","href":"https:\/\/api.w.org\/{rel}","templated":true}]}}