{"id":35631,"date":"2017-12-24T11:02:39","date_gmt":"2017-12-24T14:02:39","guid":{"rendered":"http:\/\/caririemacao.com\/1\/?p=35631"},"modified":"2017-12-24T11:02:39","modified_gmt":"2017-12-24T14:02:39","slug":"alckmin-e-o-candidato-ao-planalto-mais-rejeitado-entre-eleitores","status":"publish","type":"post","link":"https:\/\/www.caririemacao.com\/1\/2017\/12\/24\/alckmin-e-o-candidato-ao-planalto-mais-rejeitado-entre-eleitores\/","title":{"rendered":"Alckmin \u00e9 o candidato ao Planalto mais rejeitado entre eleitores"},"content":{"rendered":"<p>Um levantamento do do Instituto Paran\u00e1 Pesquisas afirma que o governador de S\u00e3o Paulo, Geraldo Alckmin, \u00e9 o candidato \u00e0 Presid\u00eancia mais rejeitado entre o eleitorado, num quadro que considera como presidenci\u00e1veis o ex-presidente Luiz In\u00e1cio Lula da Silva, a ex-ministra Marina Silva e o deputado federal Jair Bolsonaro (PSC-RJ).<\/p>\n<p>As informa\u00e7\u00f5es s\u00e3o da coluna Radar, do site da revista Veja, deste s\u00e1bado (23).<\/p>\n<p>De acordo com a pesquisa, somente 3,6% dos entrevistados admitem votar no tucano com certeza, sendo que 60,9% afirmam que jamais dariam voto a ele.<\/p>\n<p>No mesmo levamentamento, Lula leva ligeira vantagem no potencial eleitoral: 17,8% dizem que v\u00e3o votar com certeza no ex-presidente, enquanto 15,1% preferem o parlamentar.<\/p>\n<p>A rejei\u00e7\u00e3o completa a Lula \u00e9 op\u00e7\u00e3o de 52,8% dos entrevistados, enquanto 51% dizem que nunca votariam em Bolsonaro.<\/p>\n<p><strong>CARIRI EM A\u00c7\u00c3O<\/strong><\/p>\n<p>Com MSN\/Foto: Reprodu\u00e7\u00e3o google<\/p>\n<p><strong>Leia mais not\u00edcias em\u00a0<\/strong><a href=\"http:\/\/www.caririemacao.com\/\"><strong>caririemacao.com<\/strong><\/a><strong>, siga nossa p\u00e1gina no\u00a0<\/strong><a href=\"https:\/\/www.facebook.com\/CaririEmAcao\/?ref=aymt_homepage_panel\"><strong>Facebook<\/strong><\/a>,<strong>\u00a0<\/strong><a href=\"https:\/\/www.instagram.com\/cariri_em_acao\/?hl=pt-br\"><strong>Instagram<\/strong><\/a><strong>\u00a0e <\/strong><a href=\"https:\/\/www.youtube.com\/channel\/UCAptA0jQuYQy8vMhLt2m4qg\"><strong>Youtube<\/strong><\/a><strong>\u00a0e veja nossas mat\u00e9rias, v\u00eddeos e fotos. Voc\u00ea tamb\u00e9m pode enviar informa\u00e7\u00f5es \u00e0 Reda\u00e7\u00e3o do Portal Cariri em A\u00e7\u00e3o pelo WhatsApp (83) 9 9634.5791, (83) 9 9601-1162.<\/strong><\/p>\n","protected":false},"excerpt":{"rendered":"<p>Um levantamento do do Instituto Paran\u00e1 Pesquisas afirma que o governador de S\u00e3o Paulo, Geraldo Alckmin, \u00e9 o candidato \u00e0 Presid\u00eancia mais rejeitado entre o&hellip; <\/p>\n","protected":false},"author":2,"featured_media":25988,"comment_status":"closed","ping_status":"closed","sticky":false,"template":"","format":"standard","meta":{"sfsi_plus_gutenberg_text_before_share":"","sfsi_plus_gutenberg_show_text_before_share":"","sfsi_plus_gutenberg_icon_type":"","sfsi_plus_gutenberg_icon_alignemt":"","sfsi_plus_gutenburg_max_per_row":"","footnotes":""},"categories":[11],"tags":[],"class_list":["post-35631","post","type-post","status-publish","format-standard","has-post-thumbnail","hentry","category-politica"],"_links":{"self":[{"href":"https:\/\/www.caririemacao.com\/1\/wp-json\/wp\/v2\/posts\/35631","targetHints":{"allow":["GET"]}}],"collection":[{"href":"https:\/\/www.caririemacao.com\/1\/wp-json\/wp\/v2\/posts"}],"about":[{"href":"https:\/\/www.caririemacao.com\/1\/wp-json\/wp\/v2\/types\/post"}],"author":[{"embeddable":true,"href":"https:\/\/www.caririemacao.com\/1\/wp-json\/wp\/v2\/users\/2"}],"replies":[{"embeddable":true,"href":"https:\/\/www.caririemacao.com\/1\/wp-json\/wp\/v2\/comments?post=35631"}],"version-history":[{"count":0,"href":"https:\/\/www.caririemacao.com\/1\/wp-json\/wp\/v2\/posts\/35631\/revisions"}],"wp:featuredmedia":[{"embeddable":true,"href":"https:\/\/www.caririemacao.com\/1\/wp-json\/wp\/v2\/media\/25988"}],"wp:attachment":[{"href":"https:\/\/www.caririemacao.com\/1\/wp-json\/wp\/v2\/media?parent=35631"}],"wp:term":[{"taxonomy":"category","embeddable":true,"href":"https:\/\/www.caririemacao.com\/1\/wp-json\/wp\/v2\/categories?post=35631"},{"taxonomy":"post_tag","embeddable":true,"href":"https:\/\/www.caririemacao.com\/1\/wp-json\/wp\/v2\/tags?post=35631"}],"curies":[{"name":"wp","href":"https:\/\/api.w.org\/{rel}","templated":true}]}}