{"id":35641,"date":"2017-12-24T11:14:32","date_gmt":"2017-12-24T14:14:32","guid":{"rendered":"http:\/\/caririemacao.com\/1\/?p=35641"},"modified":"2017-12-24T11:14:32","modified_gmt":"2017-12-24T14:14:32","slug":"equipe-do-sao-paulo-de-sao-joao-do-cariri-lanca-camisa-alusiva-aos-socios-torcedores","status":"publish","type":"post","link":"https:\/\/www.caririemacao.com\/1\/2017\/12\/24\/equipe-do-sao-paulo-de-sao-joao-do-cariri-lanca-camisa-alusiva-aos-socios-torcedores\/","title":{"rendered":"Equipe do S\u00e3o Paulo de S\u00e3o Jo\u00e3o do Cariri lan\u00e7a camisa alusiva aos s\u00f3cios-torcedores"},"content":{"rendered":"<p>A equipe de Futebol Amador de S\u00e3o Jo\u00e3o do Cariri -PB lan\u00e7ou recentemente mais uma grande novidade para os seus s\u00f3cios torcedores. Trata-se da camisa personalizada aos s\u00f3cios torcedores s\u00e3opaulinos.<\/p>\n<p>A equipe do S\u00e3o Paulo aderiu recentemente a campanha S\u00f3cio-Torcedor, sendo uma das primeiras equipes de futebol amador da regi\u00e3o do cariri paraibano a adotar este modelo que beneficia n\u00e3o s\u00f3 a agremia\u00e7\u00e3o esportiva mas aos seus torcedores como um todo. Os s\u00f3cios torcedores cadastrados, j\u00e1 utilizam do servi\u00e7o, como a entrada gratuita em jogos e eventos promovidos pela equipe s\u00e3o-paulina.<\/p>\n<p>A Diretoria do S\u00e3o Paulo de S\u00e3o Jo\u00e3o do Cariri est\u00e1 de &#8220;bra\u00e7os abertos&#8221; para voc\u00ea desportista que deseja se tornar mais um s\u00f3cio torcedor s\u00e3opaulino. Fa\u00e7a j\u00e1 o seu cadastro com os membros da diretoria e venham juntos torcer e vibrar com o S\u00c3O PAULO. Voc\u00ea torcedor j\u00e1 pode adquirir sua camisa, entrando em contato com os membros da diretoria do S\u00e3o Paulo.<\/p>\n<p>Em nome da p\u00e1gina esportiva do Cariri Esporte queremos parabenizar a equipe do S\u00e3o Paulo em nome de Laudson (Presidente) pelo grande trabalho na qual v\u00eam engradecendo o futebol amador em nossa amada S\u00c3O JO\u00c3O DO CARIRI.<\/p>\n<p><strong>CARIRI EM A\u00c7\u00c3O<\/strong><\/p>\n<p>Com Cariri Esportes\/Foto:Divulga\u00e7\u00e3o<\/p>\n<p><strong>Leia mais not\u00edcias em\u00a0<\/strong><a href=\"http:\/\/www.caririemacao.com\/\"><strong>caririemacao.com<\/strong><\/a><strong>, siga nossa p\u00e1gina no\u00a0<\/strong><a href=\"https:\/\/www.facebook.com\/CaririEmAcao\/?ref=aymt_homepage_panel\"><strong>Facebook<\/strong><\/a>,<strong>\u00a0<\/strong><a href=\"https:\/\/www.instagram.com\/cariri_em_acao\/?hl=pt-br\"><strong>Instagram<\/strong><\/a><strong>\u00a0e <\/strong><a href=\"https:\/\/www.youtube.com\/channel\/UCAptA0jQuYQy8vMhLt2m4qg\"><strong>Youtube<\/strong><\/a><strong>\u00a0e veja nossas mat\u00e9rias, v\u00eddeos e fotos. Voc\u00ea tamb\u00e9m pode enviar informa\u00e7\u00f5es \u00e0 Reda\u00e7\u00e3o do Portal Cariri em A\u00e7\u00e3o pelo WhatsApp (83) 9 9634.5791, (83) 9 9601-1162.<\/strong><\/p>\n","protected":false},"excerpt":{"rendered":"<p>A equipe de Futebol Amador de S\u00e3o Jo\u00e3o do Cariri -PB lan\u00e7ou recentemente mais uma grande novidade para os seus s\u00f3cios torcedores. Trata-se da camisa&hellip; <\/p>\n","protected":false},"author":2,"featured_media":35642,"comment_status":"closed","ping_status":"closed","sticky":false,"template":"","format":"standard","meta":{"sfsi_plus_gutenberg_text_before_share":"","sfsi_plus_gutenberg_show_text_before_share":"","sfsi_plus_gutenberg_icon_type":"","sfsi_plus_gutenberg_icon_alignemt":"","sfsi_plus_gutenburg_max_per_row":"","footnotes":""},"categories":[13],"tags":[],"class_list":["post-35641","post","type-post","status-publish","format-standard","has-post-thumbnail","hentry","category-esportes"],"_links":{"self":[{"href":"https:\/\/www.caririemacao.com\/1\/wp-json\/wp\/v2\/posts\/35641","targetHints":{"allow":["GET"]}}],"collection":[{"href":"https:\/\/www.caririemacao.com\/1\/wp-json\/wp\/v2\/posts"}],"about":[{"href":"https:\/\/www.caririemacao.com\/1\/wp-json\/wp\/v2\/types\/post"}],"author":[{"embeddable":true,"href":"https:\/\/www.caririemacao.com\/1\/wp-json\/wp\/v2\/users\/2"}],"replies":[{"embeddable":true,"href":"https:\/\/www.caririemacao.com\/1\/wp-json\/wp\/v2\/comments?post=35641"}],"version-history":[{"count":0,"href":"https:\/\/www.caririemacao.com\/1\/wp-json\/wp\/v2\/posts\/35641\/revisions"}],"wp:featuredmedia":[{"embeddable":true,"href":"https:\/\/www.caririemacao.com\/1\/wp-json\/wp\/v2\/media\/35642"}],"wp:attachment":[{"href":"https:\/\/www.caririemacao.com\/1\/wp-json\/wp\/v2\/media?parent=35641"}],"wp:term":[{"taxonomy":"category","embeddable":true,"href":"https:\/\/www.caririemacao.com\/1\/wp-json\/wp\/v2\/categories?post=35641"},{"taxonomy":"post_tag","embeddable":true,"href":"https:\/\/www.caririemacao.com\/1\/wp-json\/wp\/v2\/tags?post=35641"}],"curies":[{"name":"wp","href":"https:\/\/api.w.org\/{rel}","templated":true}]}}