{"id":35649,"date":"2017-12-24T11:47:36","date_gmt":"2017-12-24T14:47:36","guid":{"rendered":"http:\/\/caririemacao.com\/1\/?p=35649"},"modified":"2017-12-24T11:47:36","modified_gmt":"2017-12-24T14:47:36","slug":"prefeito-do-cariri-preve-bolsas-de-estudo-para-quem-reside-fora-do-municipio","status":"publish","type":"post","link":"https:\/\/www.caririemacao.com\/1\/2017\/12\/24\/prefeito-do-cariri-preve-bolsas-de-estudo-para-quem-reside-fora-do-municipio\/","title":{"rendered":"Prefeito do Cariri prev\u00ea bolsas de estudo para quem reside fora do munic\u00edpio"},"content":{"rendered":"<p>O vereador C\u00edcero Lira comemorou atrav\u00e9s das redes sociais, a confirma\u00e7\u00e3o por parte do prefeito Adriano Wolf da concess\u00e3o de Bolsas de Estudo para umbuzeirenses que residem fora do munic\u00edpio e estejam matriculados no Ensino Superior.<\/p>\n<div>Mesmo diante de uma crise econ\u00f4mica sem precedentes no pa\u00eds o munic\u00edpio de S\u00e3o Sebasti\u00e3o do Umbuzeiro investe na Educa\u00e7\u00e3o Superior.<\/div>\n<div><\/div>\n<div>\u201cNo or\u00e7amento de 2018 est\u00e1 prevista a concess\u00e3o de Bolsas de Estudo para umbuzeirenses que residem fora do munic\u00edpio e estejam matriculados no Ensino Superior\u201d, anunciou o vereador C\u00edcero.<\/div>\n<div><\/div>\n<div>\u201cAgrade\u00e7o aos companheiros vereadores que prontamente aprovaram a minha indica\u00e7\u00e3o, como tamb\u00e9m ao Prefeito Adriano Wolff que entende a import\u00e2ncia de se investir na Educa\u00e7\u00e3o dos filhos e filhas de S\u00e3o Sebasti\u00e3o do Umbuzeiro\u201d, completou C\u00edcero Lira.<br \/>\n<strong>CARIRI EM A\u00c7\u00c3O<\/strong><\/p>\n<p>Com F\u00e1bio Brito \/Foto: Reprodu\u00e7\u00e3o google<\/p>\n<p><strong>Leia mais not\u00edcias em\u00a0<\/strong><a href=\"http:\/\/www.caririemacao.com\/\"><strong>caririemacao.com<\/strong><\/a><strong>, siga nossa p\u00e1gina no\u00a0<\/strong><a href=\"https:\/\/www.facebook.com\/CaririEmAcao\/?ref=aymt_homepage_panel\"><strong>Facebook<\/strong><\/a>,<strong>\u00a0<\/strong><a href=\"https:\/\/www.instagram.com\/cariri_em_acao\/?hl=pt-br\"><strong>Instagram<\/strong><\/a><strong>\u00a0e <\/strong><a href=\"https:\/\/www.youtube.com\/channel\/UCAptA0jQuYQy8vMhLt2m4qg\"><strong>Youtube<\/strong><\/a><strong>\u00a0e veja nossas mat\u00e9rias, v\u00eddeos e fotos. Voc\u00ea tamb\u00e9m pode enviar informa\u00e7\u00f5es \u00e0 Reda\u00e7\u00e3o do Portal Cariri em A\u00e7\u00e3o pelo WhatsApp (83) 9 9634.5791, (83) 9 9601-1162.<\/strong><\/p>\n<\/div>\n","protected":false},"excerpt":{"rendered":"<p>O vereador C\u00edcero Lira comemorou atrav\u00e9s das redes sociais, a confirma\u00e7\u00e3o por parte do prefeito Adriano Wolf da concess\u00e3o de Bolsas de Estudo para umbuzeirenses&hellip; <\/p>\n","protected":false},"author":2,"featured_media":35650,"comment_status":"closed","ping_status":"closed","sticky":false,"template":"","format":"standard","meta":{"sfsi_plus_gutenberg_text_before_share":"","sfsi_plus_gutenberg_show_text_before_share":"","sfsi_plus_gutenberg_icon_type":"","sfsi_plus_gutenberg_icon_alignemt":"","sfsi_plus_gutenburg_max_per_row":"","footnotes":""},"categories":[6],"tags":[],"class_list":["post-35649","post","type-post","status-publish","format-standard","has-post-thumbnail","hentry","category-cidades"],"_links":{"self":[{"href":"https:\/\/www.caririemacao.com\/1\/wp-json\/wp\/v2\/posts\/35649","targetHints":{"allow":["GET"]}}],"collection":[{"href":"https:\/\/www.caririemacao.com\/1\/wp-json\/wp\/v2\/posts"}],"about":[{"href":"https:\/\/www.caririemacao.com\/1\/wp-json\/wp\/v2\/types\/post"}],"author":[{"embeddable":true,"href":"https:\/\/www.caririemacao.com\/1\/wp-json\/wp\/v2\/users\/2"}],"replies":[{"embeddable":true,"href":"https:\/\/www.caririemacao.com\/1\/wp-json\/wp\/v2\/comments?post=35649"}],"version-history":[{"count":0,"href":"https:\/\/www.caririemacao.com\/1\/wp-json\/wp\/v2\/posts\/35649\/revisions"}],"wp:featuredmedia":[{"embeddable":true,"href":"https:\/\/www.caririemacao.com\/1\/wp-json\/wp\/v2\/media\/35650"}],"wp:attachment":[{"href":"https:\/\/www.caririemacao.com\/1\/wp-json\/wp\/v2\/media?parent=35649"}],"wp:term":[{"taxonomy":"category","embeddable":true,"href":"https:\/\/www.caririemacao.com\/1\/wp-json\/wp\/v2\/categories?post=35649"},{"taxonomy":"post_tag","embeddable":true,"href":"https:\/\/www.caririemacao.com\/1\/wp-json\/wp\/v2\/tags?post=35649"}],"curies":[{"name":"wp","href":"https:\/\/api.w.org\/{rel}","templated":true}]}}