{"id":35690,"date":"2017-12-25T15:21:17","date_gmt":"2017-12-25T18:21:17","guid":{"rendered":"http:\/\/caririemacao.com\/1\/?p=35690"},"modified":"2017-12-25T15:21:17","modified_gmt":"2017-12-25T18:21:17","slug":"pdt-descarta-qualquer-uniao-com-o-pt-no-1o-turno","status":"publish","type":"post","link":"https:\/\/www.caririemacao.com\/1\/2017\/12\/25\/pdt-descarta-qualquer-uniao-com-o-pt-no-1o-turno\/","title":{"rendered":"PDT descarta qualquer uni\u00e3o com o PT no 1\u00ba turno"},"content":{"rendered":"<p>Os dirigentes do PDT decidiram que o ex-ministro e ex-governador Ciro Gomes ser\u00e1 candidato a presidente em 2018, mesmo que o ex-presidente Luiz In\u00e1cio Lula da Silva n\u00e3o sofra impedimento da Justi\u00e7a para concorrer.<\/p>\n<p>O partido n\u00e3o pensa nem na possibilidade de Ciro ser candidato a vice-presidente em acordo com outra legenda da oposi\u00e7\u00e3o, informa a revista Isto\u00c9.<\/p>\n<p>\u201cIsso n\u00e3o se casa com o perfil de Ciro Gomes. Ele ser\u00e1 cabe\u00e7a de chapa, mesmo em composi\u00e7\u00e3o com outra legenda\u201d, avisou o presidente nacional da sigla, Carlos Lupi.<\/p>\n<p><strong>CARIRI EM A\u00c7\u00c3O<\/strong><\/p>\n<p>Com Isto\u00c9\/Foto: Reprodu\u00e7\u00e3o google<\/p>\n<p><strong>Leia mais not\u00edcias em\u00a0<\/strong><a href=\"http:\/\/www.caririemacao.com\/\"><strong>caririemacao.com<\/strong><\/a><strong>, siga nossa p\u00e1gina no\u00a0<\/strong><a href=\"https:\/\/www.facebook.com\/CaririEmAcao\/?ref=aymt_homepage_panel\"><strong>Facebook<\/strong><\/a>,<strong>\u00a0<\/strong><a href=\"https:\/\/www.instagram.com\/cariri_em_acao\/?hl=pt-br\"><strong>Instagram<\/strong><\/a><strong>\u00a0e <\/strong><a href=\"https:\/\/www.youtube.com\/channel\/UCAptA0jQuYQy8vMhLt2m4qg\"><strong>Youtube<\/strong><\/a><strong>\u00a0e veja nossas mat\u00e9rias, v\u00eddeos e fotos. Voc\u00ea tamb\u00e9m pode enviar informa\u00e7\u00f5es \u00e0 Reda\u00e7\u00e3o do Portal Cariri em A\u00e7\u00e3o pelo WhatsApp (83) 9 9634.5791, (83) 9 9601-1162.<\/strong><\/p>\n","protected":false},"excerpt":{"rendered":"<p>Os dirigentes do PDT decidiram que o ex-ministro e ex-governador Ciro Gomes ser\u00e1 candidato a presidente em 2018, mesmo que o ex-presidente Luiz In\u00e1cio Lula&hellip; <\/p>\n","protected":false},"author":2,"featured_media":35691,"comment_status":"closed","ping_status":"closed","sticky":false,"template":"","format":"standard","meta":{"sfsi_plus_gutenberg_text_before_share":"","sfsi_plus_gutenberg_show_text_before_share":"","sfsi_plus_gutenberg_icon_type":"","sfsi_plus_gutenberg_icon_alignemt":"","sfsi_plus_gutenburg_max_per_row":"","footnotes":""},"categories":[1],"tags":[],"class_list":["post-35690","post","type-post","status-publish","format-standard","has-post-thumbnail","hentry","category-o-site"],"_links":{"self":[{"href":"https:\/\/www.caririemacao.com\/1\/wp-json\/wp\/v2\/posts\/35690","targetHints":{"allow":["GET"]}}],"collection":[{"href":"https:\/\/www.caririemacao.com\/1\/wp-json\/wp\/v2\/posts"}],"about":[{"href":"https:\/\/www.caririemacao.com\/1\/wp-json\/wp\/v2\/types\/post"}],"author":[{"embeddable":true,"href":"https:\/\/www.caririemacao.com\/1\/wp-json\/wp\/v2\/users\/2"}],"replies":[{"embeddable":true,"href":"https:\/\/www.caririemacao.com\/1\/wp-json\/wp\/v2\/comments?post=35690"}],"version-history":[{"count":0,"href":"https:\/\/www.caririemacao.com\/1\/wp-json\/wp\/v2\/posts\/35690\/revisions"}],"wp:featuredmedia":[{"embeddable":true,"href":"https:\/\/www.caririemacao.com\/1\/wp-json\/wp\/v2\/media\/35691"}],"wp:attachment":[{"href":"https:\/\/www.caririemacao.com\/1\/wp-json\/wp\/v2\/media?parent=35690"}],"wp:term":[{"taxonomy":"category","embeddable":true,"href":"https:\/\/www.caririemacao.com\/1\/wp-json\/wp\/v2\/categories?post=35690"},{"taxonomy":"post_tag","embeddable":true,"href":"https:\/\/www.caririemacao.com\/1\/wp-json\/wp\/v2\/tags?post=35690"}],"curies":[{"name":"wp","href":"https:\/\/api.w.org\/{rel}","templated":true}]}}