{"id":35693,"date":"2017-12-25T15:27:14","date_gmt":"2017-12-25T18:27:14","guid":{"rendered":"http:\/\/caririemacao.com\/1\/?p=35693"},"modified":"2017-12-25T15:27:14","modified_gmt":"2017-12-25T18:27:14","slug":"mulher-se-nega-a-fazer-sexo-e-e-esfaqueada-pelo-marido","status":"publish","type":"post","link":"https:\/\/www.caririemacao.com\/1\/2017\/12\/25\/mulher-se-nega-a-fazer-sexo-e-e-esfaqueada-pelo-marido\/","title":{"rendered":"Mulher se nega a fazer sexo e \u00e9 esfaqueada pelo marido"},"content":{"rendered":"<p>Uma mulher foi esfaqueada pelo marido na manh\u00e3 desta segunda-feira, 25, pr\u00f3ximo a Col\u00f4nia Penal da cidade de Sousa, no sert\u00e3o da Para\u00edba.<\/p>\n<p>De acordo com informa\u00e7\u00f5es, uma guarni\u00e7\u00e3o foi at\u00e9 o local onde a v\u00edtima disse que passou a noite com seu companheiro e amigos ingerindo bebida alco\u00f3lica, pela manh\u00e3 quando os amigos foram embora, o marido queria fazer amor, com a negativa, houve uma acirrada discuss\u00e3o e o seu companheiro, se armou com uma faca e desferiu um golpe, atingindo a coxa direita da mulher, em seguida fugiu.<\/p>\n<p>A v\u00edtima foi atendida pelo SAMU e encaminhada ao Hospital regional de Sousa, a policia realizou dilig\u00eancias no intuito de localizar o acusado, mas at\u00e9 o momento sem \u00eaxito.<\/p>\n<p><strong>CARIRI EM A\u00c7\u00c3O<\/strong><\/p>\n<p>Com Wscom\/Foto: Reprodu\u00e7\u00e3o google<\/p>\n<p><strong>Leia mais not\u00edcias em\u00a0<\/strong><a href=\"http:\/\/www.caririemacao.com\/\"><strong>caririemacao.com<\/strong><\/a><strong>, siga nossa p\u00e1gina no\u00a0<\/strong><a href=\"https:\/\/www.facebook.com\/CaririEmAcao\/?ref=aymt_homepage_panel\"><strong>Facebook<\/strong><\/a>,<strong>\u00a0<\/strong><a href=\"https:\/\/www.instagram.com\/cariri_em_acao\/?hl=pt-br\"><strong>Instagram<\/strong><\/a><strong>\u00a0e <\/strong><a href=\"https:\/\/www.youtube.com\/channel\/UCAptA0jQuYQy8vMhLt2m4qg\"><strong>Youtube<\/strong><\/a><strong>\u00a0e veja nossas mat\u00e9rias, v\u00eddeos e fotos. Voc\u00ea tamb\u00e9m pode enviar informa\u00e7\u00f5es \u00e0 Reda\u00e7\u00e3o do Portal Cariri em A\u00e7\u00e3o pelo WhatsApp (83) 9 9634.5791, (83) 9 9601-1162.<\/strong><\/p>\n<p>&nbsp;<\/p>\n","protected":false},"excerpt":{"rendered":"<p>Uma mulher foi esfaqueada pelo marido na manh\u00e3 desta segunda-feira, 25, pr\u00f3ximo a Col\u00f4nia Penal da cidade de Sousa, no sert\u00e3o da Para\u00edba. De acordo&hellip; <\/p>\n","protected":false},"author":2,"featured_media":22534,"comment_status":"closed","ping_status":"closed","sticky":false,"template":"","format":"standard","meta":{"sfsi_plus_gutenberg_text_before_share":"","sfsi_plus_gutenberg_show_text_before_share":"","sfsi_plus_gutenberg_icon_type":"","sfsi_plus_gutenberg_icon_alignemt":"","sfsi_plus_gutenburg_max_per_row":"","footnotes":""},"categories":[12],"tags":[],"class_list":["post-35693","post","type-post","status-publish","format-standard","has-post-thumbnail","hentry","category-policia"],"_links":{"self":[{"href":"https:\/\/www.caririemacao.com\/1\/wp-json\/wp\/v2\/posts\/35693","targetHints":{"allow":["GET"]}}],"collection":[{"href":"https:\/\/www.caririemacao.com\/1\/wp-json\/wp\/v2\/posts"}],"about":[{"href":"https:\/\/www.caririemacao.com\/1\/wp-json\/wp\/v2\/types\/post"}],"author":[{"embeddable":true,"href":"https:\/\/www.caririemacao.com\/1\/wp-json\/wp\/v2\/users\/2"}],"replies":[{"embeddable":true,"href":"https:\/\/www.caririemacao.com\/1\/wp-json\/wp\/v2\/comments?post=35693"}],"version-history":[{"count":0,"href":"https:\/\/www.caririemacao.com\/1\/wp-json\/wp\/v2\/posts\/35693\/revisions"}],"wp:featuredmedia":[{"embeddable":true,"href":"https:\/\/www.caririemacao.com\/1\/wp-json\/wp\/v2\/media\/22534"}],"wp:attachment":[{"href":"https:\/\/www.caririemacao.com\/1\/wp-json\/wp\/v2\/media?parent=35693"}],"wp:term":[{"taxonomy":"category","embeddable":true,"href":"https:\/\/www.caririemacao.com\/1\/wp-json\/wp\/v2\/categories?post=35693"},{"taxonomy":"post_tag","embeddable":true,"href":"https:\/\/www.caririemacao.com\/1\/wp-json\/wp\/v2\/tags?post=35693"}],"curies":[{"name":"wp","href":"https:\/\/api.w.org\/{rel}","templated":true}]}}