{"id":35695,"date":"2017-12-25T15:34:14","date_gmt":"2017-12-25T18:34:14","guid":{"rendered":"http:\/\/caririemacao.com\/1\/?p=35695"},"modified":"2017-12-25T15:34:14","modified_gmt":"2017-12-25T18:34:14","slug":"dores-na-coluna-podem-ter-causas-emocionais-alertam-medicos","status":"publish","type":"post","link":"https:\/\/www.caririemacao.com\/1\/2017\/12\/25\/dores-na-coluna-podem-ter-causas-emocionais-alertam-medicos\/","title":{"rendered":"Dores na coluna podem ter causas emocionais, alertam m\u00e9dicos"},"content":{"rendered":"<p>Quando o assunto \u00e9 dor na coluna, \u00e9 comum o problema ser associado \u00e0 m\u00e1 postura, \u00e0 idade, aos fatores gen\u00e9ticos, al\u00e9m de doen\u00e7as ou fraturas. No entanto, de acordo com especialistas, a ansiedade, o estresse e at\u00e9 a depress\u00e3o podem gerar dores cr\u00f4nicas na principal estrutura de sustenta\u00e7\u00e3o do corpo. S\u00e3o as chamadas doen\u00e7as psicossom\u00e1ticas, ou seja, transtornos na mente que manifestam sintomas f\u00edsicos.<\/p>\n<p>De acordo com uma pesquisa da International Stress Management Association no Brasil (Isma-BR), nove em cada dez brasileiros no mercado de trabalho sofrem de ansiedade \u2013 seja ela do grau mais leve ao incapacitante. E quase metade (47%) tem algum n\u00edvel de depress\u00e3o. Al\u00e9m disso, o estresse \u00e9 o terceiro motivo que mais provoca afastamentos do trabalho por mais de 15 dias, de acordo com dados da Previd\u00eancia Social.<\/p>\n<p>Segundo o neurocirurgi\u00e3o Ronaldo Tonaco, do\u00a0Hospital Santa Marta, pessoas que n\u00e3o t\u00eam per\u00edodos de relaxamento, isto \u00e9, que n\u00e3o se \u201cdesestressam\u201d, mant\u00eam os m\u00fasculos do corpo, e principalmente do tronco, em contra\u00e7\u00e3o cont\u00ednua, mesmo sem movimento do corpo. \u201cIsso gera um consumo exacerbado de oxig\u00eanio, levando o m\u00fasculo a um metabolismo quase anaer\u00f3bico (com pouco oxig\u00eanio) e acumulando \u00e1cido l\u00e1tico\u201d, explica. O composto \u00e9 o principal causador das dores musculares.<\/p>\n<p>De acordo com o m\u00e9dico, a dor na coluna est\u00e1 entre as tr\u00eas principais queixas nos atendimentos feitos nos consult\u00f3rios m\u00e9dicos e acomete quase 80% das pessoas na vida adulta. Ele lembra que, atualmente, a dor na coluna \u00e9 a principal\u00a0causa de afastamentos do trabalho. \u201cEssa preval\u00eancia vem aumentando ainda mais nos dias de hoje em decorr\u00eancia da obesidade, do sedentarismo, do aumento da vida m\u00e9dia da popula\u00e7\u00e3o e de h\u00e1bitos como o tabagismo\u201d, diz.<\/p>\n<p><strong>Instituto da Coluna<\/strong><\/p>\n<p>Para tratar os pacientes que enfrentam dores cr\u00f4nicas (aquelas frequentes e persistentes), o Hospital Santa Marta criou o Instituto da Coluna, servi\u00e7o que re\u00fane diferentes especialidades, como ortopedia, neurocirurgia, fisioterapia, psiquiatria e medicina da dor, entre outras.<\/p>\n<p>O espa\u00e7o oferece tratamentos para pessoas que sofrem com problemas na coluna vertebral causados por quest\u00f5es emocionais, mec\u00e2nicas, gen\u00e9ticas ou doen\u00e7as graves, como \u00e9 o caso do motorista de caminh\u00e3o Edivan Ferreira Ganda, de 57 anos.<\/p>\n<p>H\u00e1 dois anos,\u00a0em um acidente de trabalho, ele sofreu uma grave fratura na terceira v\u00e9rtebra da lombar.\u00a0Mesmo com meses de tratamento, as dores nas costas insistiam em permanecer. Foi quando Ferreira descobriu que,\u00a0na verdade, tinha um tumor nos ossos. O problema fez com que ele chegasse a utilizar, durante oito meses, uma cadeira de rodas para se locomover.<\/p>\n<p>Segundo o ortopedista Tadeu Gervazoni, casos como o de Edivan, que requerem interven\u00e7\u00f5es invasivas, representam 5% dos tratamentos prescritos nos consult\u00f3rios do Instituto da Coluna. Segundo ele, a queixa mais frequente \u00e9 a lombalgia (dor na lombar), seguida de dor na coluna cervical.<\/p>\n<p>\u201cA dor cr\u00f4nica, muita vezes, \u00e9 subdiagnosticada e subtratada. Normalmente, quem est\u00e1 nessa situa\u00e7\u00e3o vem com sentimento de desesperan\u00e7a, uma vez que j\u00e1 passou por v\u00e1rios m\u00e9dicos e tratamentos, sem sucesso. O que fazemos \u00e9 identificar a causa real das dores e saber o grau de intensidade do inc\u00f4modo. Depois, iniciamos o tratamento adequado, associado ao trabalho de uma equipe multi e interdisciplinar\u201d.<\/p>\n<p>O m\u00e9dico tamb\u00e9m chama aten\u00e7\u00e3o para as consequ\u00eancias do n\u00e3o tratamento dos problemas associados \u00e0 coluna. \u201c\u00c9 preciso entender que ela \u00e9 a principal estrutura de sustenta\u00e7\u00e3o do corpo humano. Al\u00e9m de a dor se perpetuar, a piora pode ser progressiva e levar a uma queda significativa na qualidade de vida do paciente\u201d, refor\u00e7a.<\/p>\n<p>Al\u00e9m da dor persistente, h\u00e1 alguns sinais de alerta para buscar ajuda de um especialista em coluna:<\/p>\n<ul>\n<li>Sensa\u00e7\u00e3o de fadiga ou fraqueza nos membros;<\/li>\n<li>Formigamento ou dorm\u00eancia nos bra\u00e7os e\/ou pernas;<\/li>\n<li>Altera\u00e7\u00f5es nos h\u00e1bitos intestinais e\/ou urin\u00e1rios;<\/li>\n<li>Limita\u00e7\u00e3o progressiva nas atividades di\u00e1rias;<\/li>\n<li>Dificuldade para andar;<\/li>\n<li>Dor irradiada para os membros com piora progressiva.<\/li>\n<\/ul>\n<p><strong>CARIRI EM A\u00c7\u00c3O<\/strong><\/p>\n<p>Com\u00a0Metr\u00f3poles \/Foto: Reprodu\u00e7\u00e3o google<\/p>\n<p><strong>Leia mais not\u00edcias em\u00a0<\/strong><a href=\"http:\/\/www.caririemacao.com\/\"><strong>caririemacao.com<\/strong><\/a><strong>, siga nossa p\u00e1gina no\u00a0<\/strong><a href=\"https:\/\/www.facebook.com\/CaririEmAcao\/?ref=aymt_homepage_panel\"><strong>Facebook<\/strong><\/a>,<strong>\u00a0<\/strong><a href=\"https:\/\/www.instagram.com\/cariri_em_acao\/?hl=pt-br\"><strong>Instagram<\/strong><\/a><strong>\u00a0e <\/strong><a href=\"https:\/\/www.youtube.com\/channel\/UCAptA0jQuYQy8vMhLt2m4qg\"><strong>Youtube<\/strong><\/a><strong>\u00a0e veja nossas mat\u00e9rias, v\u00eddeos e fotos. Voc\u00ea tamb\u00e9m pode enviar informa\u00e7\u00f5es \u00e0 Reda\u00e7\u00e3o do Portal Cariri em A\u00e7\u00e3o pelo WhatsApp (83) 9 9634.5791, (83) 9 9601-1162.<\/strong><\/p>\n","protected":false},"excerpt":{"rendered":"<p>Quando o assunto \u00e9 dor na coluna, \u00e9 comum o problema ser associado \u00e0 m\u00e1 postura, \u00e0 idade, aos fatores gen\u00e9ticos, al\u00e9m de doen\u00e7as ou&hellip; <\/p>\n","protected":false},"author":2,"featured_media":35696,"comment_status":"closed","ping_status":"closed","sticky":false,"template":"","format":"standard","meta":{"sfsi_plus_gutenberg_text_before_share":"","sfsi_plus_gutenberg_show_text_before_share":"","sfsi_plus_gutenberg_icon_type":"","sfsi_plus_gutenberg_icon_alignemt":"","sfsi_plus_gutenburg_max_per_row":"","footnotes":""},"categories":[16],"tags":[],"class_list":["post-35695","post","type-post","status-publish","format-standard","has-post-thumbnail","hentry","category-saude"],"_links":{"self":[{"href":"https:\/\/www.caririemacao.com\/1\/wp-json\/wp\/v2\/posts\/35695","targetHints":{"allow":["GET"]}}],"collection":[{"href":"https:\/\/www.caririemacao.com\/1\/wp-json\/wp\/v2\/posts"}],"about":[{"href":"https:\/\/www.caririemacao.com\/1\/wp-json\/wp\/v2\/types\/post"}],"author":[{"embeddable":true,"href":"https:\/\/www.caririemacao.com\/1\/wp-json\/wp\/v2\/users\/2"}],"replies":[{"embeddable":true,"href":"https:\/\/www.caririemacao.com\/1\/wp-json\/wp\/v2\/comments?post=35695"}],"version-history":[{"count":0,"href":"https:\/\/www.caririemacao.com\/1\/wp-json\/wp\/v2\/posts\/35695\/revisions"}],"wp:featuredmedia":[{"embeddable":true,"href":"https:\/\/www.caririemacao.com\/1\/wp-json\/wp\/v2\/media\/35696"}],"wp:attachment":[{"href":"https:\/\/www.caririemacao.com\/1\/wp-json\/wp\/v2\/media?parent=35695"}],"wp:term":[{"taxonomy":"category","embeddable":true,"href":"https:\/\/www.caririemacao.com\/1\/wp-json\/wp\/v2\/categories?post=35695"},{"taxonomy":"post_tag","embeddable":true,"href":"https:\/\/www.caririemacao.com\/1\/wp-json\/wp\/v2\/tags?post=35695"}],"curies":[{"name":"wp","href":"https:\/\/api.w.org\/{rel}","templated":true}]}}