{"id":35702,"date":"2017-12-25T22:08:23","date_gmt":"2017-12-26T01:08:23","guid":{"rendered":"http:\/\/caririemacao.com\/1\/?p=35702"},"modified":"2017-12-25T22:15:45","modified_gmt":"2017-12-26T01:15:45","slug":"requiao-moro-foi-capturado-pela-vaidade","status":"publish","type":"post","link":"https:\/\/www.caririemacao.com\/1\/2017\/12\/25\/requiao-moro-foi-capturado-pela-vaidade\/","title":{"rendered":"REQUI\u00c3O: Moro foi capturado pela vaidade"},"content":{"rendered":"<p>O senador Roberto Requi\u00e3o (PMDB-PR) avalia que o juiz Sergio Moro foi capturado pelo pecado da vaidade e est\u00e1 tentando interferir em algo \u2013 a pol\u00edtica \u2013 que n\u00e3o lhe diz respeito. &#8220;Ele n\u00e3o \u00e9 agente da CIA, mas \u00e9 fascinado pelos Estados Unidos e foi capturado pelo pecado preferido do diabo, que \u00e9 a vaidade. Uma vez, duas vezes por m\u00eas, vai aos Estados Unidos dar palestras muito provavelmente remuneradas&#8221;, disse Requi\u00e3o, num dos trechos de sua entrevista \u00e0 TV 247.<\/p>\n<p>Segundo o parlamentar, Moro se convenceu de ser uma esp\u00e9cie de Savonarola, numa refer\u00eancia ao frei que mandava para as fogueiras da Inquisi\u00e7\u00e3o os incr\u00e9us. Requi\u00e3o, no entanto, lembra que Savonarola foi queimado por tentar interferir em algo que n\u00e3o lhe dizia respeito, que era a elei\u00e7\u00e3o do papa. Requi\u00e3o afirma que Moro n\u00e3o tem conhecimento hist\u00f3rico, nem de sociologia para tentar interferir na disputa pol\u00edtica brasileira. &#8220;Ele acha que sua tarefa no mundo \u00e9 colocar o Lula na cadeia.&#8221;<\/p>\n<p>Requi\u00e3o avalia que a candidatura Lula \u00e9 o \u00fanico caminho para frear a entrega das riquezas nacionais, como o pr\u00e9-sal, a multinacionais como a Shell e a Chevron \u2013 ali\u00e1s, uma das primeiras medidas adotadas no Brasil ap\u00f3s o golpe que derrubou uma presidente honesta e instalou uma quadrilha no poder.<\/p>\n<p><strong>CARIRI EM A\u00c7\u00c3O<\/strong><\/p>\n<p>Com Brasil 247 \/Foto: Reprodu\u00e7\u00e3o<\/p>\n<p><strong>Leia mais not\u00edcias em\u00a0<\/strong><a href=\"http:\/\/www.caririemacao.com\/\"><strong>caririemacao.com<\/strong><\/a><strong>, siga nossa p\u00e1gina no\u00a0<\/strong><a href=\"https:\/\/www.facebook.com\/CaririEmAcao\/?ref=aymt_homepage_panel\"><strong>Facebook<\/strong><\/a>,<strong>\u00a0<\/strong><a href=\"https:\/\/www.instagram.com\/cariri_em_acao\/?hl=pt-br\"><strong>Instagram<\/strong><\/a><strong>\u00a0e <\/strong><a href=\"https:\/\/www.youtube.com\/channel\/UCAptA0jQuYQy8vMhLt2m4qg\"><strong>Youtube<\/strong><\/a><strong>\u00a0e veja nossas mat\u00e9rias, v\u00eddeos e fotos. Voc\u00ea tamb\u00e9m pode enviar informa\u00e7\u00f5es \u00e0 Reda\u00e7\u00e3o do Portal Cariri em A\u00e7\u00e3o pelo WhatsApp (83) 9 9634.5791, (83) 9 9601-1162.<\/strong><\/p>\n","protected":false},"excerpt":{"rendered":"<p>O senador Roberto Requi\u00e3o (PMDB-PR) avalia que o juiz Sergio Moro foi capturado pelo pecado da vaidade e est\u00e1 tentando interferir em algo \u2013 a&hellip; <\/p>\n","protected":false},"author":2,"featured_media":35703,"comment_status":"closed","ping_status":"closed","sticky":false,"template":"","format":"standard","meta":{"sfsi_plus_gutenberg_text_before_share":"","sfsi_plus_gutenberg_show_text_before_share":"","sfsi_plus_gutenberg_icon_type":"","sfsi_plus_gutenberg_icon_alignemt":"","sfsi_plus_gutenburg_max_per_row":"","footnotes":""},"categories":[11],"tags":[],"class_list":["post-35702","post","type-post","status-publish","format-standard","has-post-thumbnail","hentry","category-politica"],"_links":{"self":[{"href":"https:\/\/www.caririemacao.com\/1\/wp-json\/wp\/v2\/posts\/35702","targetHints":{"allow":["GET"]}}],"collection":[{"href":"https:\/\/www.caririemacao.com\/1\/wp-json\/wp\/v2\/posts"}],"about":[{"href":"https:\/\/www.caririemacao.com\/1\/wp-json\/wp\/v2\/types\/post"}],"author":[{"embeddable":true,"href":"https:\/\/www.caririemacao.com\/1\/wp-json\/wp\/v2\/users\/2"}],"replies":[{"embeddable":true,"href":"https:\/\/www.caririemacao.com\/1\/wp-json\/wp\/v2\/comments?post=35702"}],"version-history":[{"count":0,"href":"https:\/\/www.caririemacao.com\/1\/wp-json\/wp\/v2\/posts\/35702\/revisions"}],"wp:featuredmedia":[{"embeddable":true,"href":"https:\/\/www.caririemacao.com\/1\/wp-json\/wp\/v2\/media\/35703"}],"wp:attachment":[{"href":"https:\/\/www.caririemacao.com\/1\/wp-json\/wp\/v2\/media?parent=35702"}],"wp:term":[{"taxonomy":"category","embeddable":true,"href":"https:\/\/www.caririemacao.com\/1\/wp-json\/wp\/v2\/categories?post=35702"},{"taxonomy":"post_tag","embeddable":true,"href":"https:\/\/www.caririemacao.com\/1\/wp-json\/wp\/v2\/tags?post=35702"}],"curies":[{"name":"wp","href":"https:\/\/api.w.org\/{rel}","templated":true}]}}