{"id":35705,"date":"2017-12-25T22:13:38","date_gmt":"2017-12-26T01:13:38","guid":{"rendered":"http:\/\/caririemacao.com\/1\/?p=35705"},"modified":"2017-12-25T22:13:38","modified_gmt":"2017-12-26T01:13:38","slug":"calor-e-chuvas-podem-aumentar-proliferacao-de-aedes","status":"publish","type":"post","link":"https:\/\/www.caririemacao.com\/1\/2017\/12\/25\/calor-e-chuvas-podem-aumentar-proliferacao-de-aedes\/","title":{"rendered":"Calor e chuvas podem aumentar prolifera\u00e7\u00e3o de Aedes"},"content":{"rendered":"<p>As altas temperaturas registradas principalmente no ver\u00e3o e a incid\u00eancia de chuvas tem deixado a Secretaria de Sa\u00fade de Jo\u00e3o Pessoa em alerta por conta da possibilidade de prolifera\u00e7\u00e3o do mosquito Aedes aegypti. O mosquito \u00e9 transmissor de doen\u00e7as como zika v\u00edrus, dengue e febre chikungunya. A recomenda\u00e7\u00e3o para quem for acometido por uma dessas doen\u00e7as \u00e9 procurar uma Unidade de Sa\u00fade da Fam\u00edlia (USF).<\/p>\n<p>De acordo com dados da secretaria, seis mil casos de arboviroses foram registrados, no per\u00edodo de janeiro a outubro deste ano<\/p>\n<p>Segundo o gerente de Vigil\u00e2ncia Ambiental da Secretaria Municipal de Sa\u00fade (SMS), Nilton Guedes, o Aedes aegypti fica mais ativo no ver\u00e3o, que inicia dia 21 de dezembro. \u201cCom o calor, h\u00e1 redu\u00e7\u00e3o do volume de \u00e1gua nos reservat\u00f3rios, e as pessoas tendem a armazenar \u00e1gua em baldes, tambores e tanques. Mas sem a devida seguran\u00e7a, o mosquito se prolifera. Portanto, \u00e9 preciso que tudo esteja bem vedado para o mosquito n\u00e3o adentrar\u201d.<\/p>\n<p>Nilton Guedes aconselha que, quando forem encontradas larvas do mosquito, h\u00e1 algumas a\u00e7\u00f5es que podem ser feitas: derramar a \u00e1gua em local seco, colocar tela para ele n\u00e3o sair ou aplicar larvicida. Ele lembrou que quem souber de localidades com poss\u00edveis focos do Aedes aegypti, pode denunciar por meio dos telefones 0800-282-7959 ou 3214-5718. Outra possibilidade \u00e9 pelo e-mail\u00a0<a href=\"mailto:coessmsjp@gmail.com\" target=\"_blank\" rel=\"noopener\">coessmsjp@gmail.com<\/a>.<\/p>\n<p>Para evitar a prolifera\u00e7\u00e3o do mosquito em sua casa, \u00e9 poss\u00edvel realizar cuidados b\u00e1sicos, como manter as calhas sempre limpas, colocar garrafas viradas com a boca para baixo ou fechadas com a tampa, limpar e preencher pratos de vasos de plantas com areia, limpar com escova ou bucha os potes de \u00e1gua para animais, entre outros. O uso de repelente tamb\u00e9m \u00e9 uma forma de prote\u00e7\u00e3o, mas individual.<\/p>\n<p><strong>CARIRI EM A\u00c7\u00c3O<\/strong><\/p>\n<p>Com Portal Correio \/Foto:\u00a0Secom-PMJP<\/p>\n<p><strong>Leia mais not\u00edcias em\u00a0<\/strong><a href=\"http:\/\/www.caririemacao.com\/\"><strong>caririemacao.com<\/strong><\/a><strong>, siga nossa p\u00e1gina no\u00a0<\/strong><a href=\"https:\/\/www.facebook.com\/CaririEmAcao\/?ref=aymt_homepage_panel\"><strong>Facebook<\/strong><\/a>,<strong>\u00a0<\/strong><a href=\"https:\/\/www.instagram.com\/cariri_em_acao\/?hl=pt-br\"><strong>Instagram<\/strong><\/a><strong>\u00a0e <\/strong><a href=\"https:\/\/www.youtube.com\/channel\/UCAptA0jQuYQy8vMhLt2m4qg\"><strong>Youtube<\/strong><\/a><strong>\u00a0e veja nossas mat\u00e9rias, v\u00eddeos e fotos. Voc\u00ea tamb\u00e9m pode enviar informa\u00e7\u00f5es \u00e0 Reda\u00e7\u00e3o do Portal Cariri em A\u00e7\u00e3o pelo WhatsApp (83) 9 9634.5791, (83) 9 9601-1162.<\/strong><\/p>\n","protected":false},"excerpt":{"rendered":"<p>As altas temperaturas registradas principalmente no ver\u00e3o e a incid\u00eancia de chuvas tem deixado a Secretaria de Sa\u00fade de Jo\u00e3o Pessoa em alerta por conta&hellip; <\/p>\n","protected":false},"author":2,"featured_media":35706,"comment_status":"closed","ping_status":"closed","sticky":false,"template":"","format":"standard","meta":{"sfsi_plus_gutenberg_text_before_share":"","sfsi_plus_gutenberg_show_text_before_share":"","sfsi_plus_gutenberg_icon_type":"","sfsi_plus_gutenberg_icon_alignemt":"","sfsi_plus_gutenburg_max_per_row":"","footnotes":""},"categories":[2],"tags":[],"class_list":["post-35705","post","type-post","status-publish","format-standard","has-post-thumbnail","hentry","category-geral"],"_links":{"self":[{"href":"https:\/\/www.caririemacao.com\/1\/wp-json\/wp\/v2\/posts\/35705","targetHints":{"allow":["GET"]}}],"collection":[{"href":"https:\/\/www.caririemacao.com\/1\/wp-json\/wp\/v2\/posts"}],"about":[{"href":"https:\/\/www.caririemacao.com\/1\/wp-json\/wp\/v2\/types\/post"}],"author":[{"embeddable":true,"href":"https:\/\/www.caririemacao.com\/1\/wp-json\/wp\/v2\/users\/2"}],"replies":[{"embeddable":true,"href":"https:\/\/www.caririemacao.com\/1\/wp-json\/wp\/v2\/comments?post=35705"}],"version-history":[{"count":0,"href":"https:\/\/www.caririemacao.com\/1\/wp-json\/wp\/v2\/posts\/35705\/revisions"}],"wp:featuredmedia":[{"embeddable":true,"href":"https:\/\/www.caririemacao.com\/1\/wp-json\/wp\/v2\/media\/35706"}],"wp:attachment":[{"href":"https:\/\/www.caririemacao.com\/1\/wp-json\/wp\/v2\/media?parent=35705"}],"wp:term":[{"taxonomy":"category","embeddable":true,"href":"https:\/\/www.caririemacao.com\/1\/wp-json\/wp\/v2\/categories?post=35705"},{"taxonomy":"post_tag","embeddable":true,"href":"https:\/\/www.caririemacao.com\/1\/wp-json\/wp\/v2\/tags?post=35705"}],"curies":[{"name":"wp","href":"https:\/\/api.w.org\/{rel}","templated":true}]}}