{"id":35717,"date":"2017-12-26T08:25:20","date_gmt":"2017-12-26T11:25:20","guid":{"rendered":"http:\/\/caririemacao.com\/1\/?p=35717"},"modified":"2017-12-26T08:37:15","modified_gmt":"2017-12-26T11:37:15","slug":"folha-cita-cassio-como-um-dos-que-terao-dificuldades-para-se-reeleger","status":"publish","type":"post","link":"https:\/\/www.caririemacao.com\/1\/2017\/12\/26\/folha-cita-cassio-como-um-dos-que-terao-dificuldades-para-se-reeleger\/","title":{"rendered":"Folha cita C\u00e1ssio como um dos que ter\u00e3o dificuldades para se reeleger"},"content":{"rendered":"<section class=\"l-noticia\">A Folha de S\u00e3o Paulo levantou os nomes dos senadores que,envolvidos com a Lava Jato,ter\u00e3o dificuldades para se reeleger no ano que vem. Entre os chamados \u201ccaciques do Senado\u201d, a Folha relaciona o conterr\u00e2neo C\u00e1ssio Cunha Lima.Com o encerramento dos mandatos de dois ter\u00e7os dos senadores, os principais caciques do Senado v\u00e3o \u00e0s urnas em 2018 em um cen\u00e1rio adverso: ter\u00e3o de explicar ao eleitor as acusa\u00e7\u00f5es das quais s\u00e3o alvo, propor sa\u00eddas para a crise pol\u00edtica e enfrentar menor disponibilidade de recursos para financiamento de suas campanhas.<\/p>\n<p>Dos 54 senadores cujos mandatos chegam ao fim, 21 respondem a investiga\u00e7\u00f5es no STF em a\u00e7\u00f5es da Lava Jato ou desdobramentos.<\/p>\n<p>Neste quadro, est\u00e3o nomes de destaque na Casa como Renan Calheiros (MDB-AL), Romero Juc\u00e1 (MDB-RR), A\u00e9cio Neves (PSDB-MG) e o presidente Eun\u00edcio Oliveira (MDB-CE). Ser\u00e1 a primeira elei\u00e7\u00e3o geral ap\u00f3s o STF ter proibido o financiamento empresarial, em 2015, e depois de a classe pol\u00edtica ter sido atingida pela Lava Jato.<\/p>\n<p>Segundo colocado na corrida presidencial em 2014, A\u00e9cio agora enfrenta dificuldades para firmar sua candidatura \u00e0 reelei\u00e7\u00e3o.<\/p>\n<p>O mineiro enfrentou forte desgaste em 2017 ap\u00f3s ter sido gravado pelo empres\u00e1rio e delator Joesley Batista. Foi denunciado pelos crimes de obstru\u00e7\u00e3o de Justi\u00e7a e corrup\u00e7\u00e3o passiva e afastado duas vezes do mandato pela Justi\u00e7a.<\/p>\n<p>Por meio de sua assessoria, o tucano n\u00e3o confirmou se disputar\u00e1 uma vaga no Senado, mas disse que, na avalia\u00e7\u00e3o de seu grupo pol\u00edtico, \u201cuma candidatura majorit\u00e1ria \u00e9 o melhor caminho para que o senador possa responder \u00e0s acusa\u00e7\u00f5es de que \u00e9 alvo e repor a verdade\u201d.<\/p>\n<p>DIST\u00c2NCIA<br \/>\nR\u00e9u no STF por crime de peculato e alvo de inqu\u00e9ritos na Lava Jato, Renan passou a cuidar de sua reelei\u00e7\u00e3o desde o in\u00edcio de 2017. Ele se distanciou de Michel Temer e passou a fazer oposi\u00e7\u00e3o a medidas como as reformas trabalhista e da Previd\u00eancia.<\/p>\n<p>Al\u00e9m disso, intensificou as agendas no interior de Alagoas ao lado do governador, Renan Filho (MDB).<\/p>\n<p>Com a iniciativa, ele pretende minimizar o impacto de recursos mais escassos para a campanha. \u201cAcho que ser\u00e1 uma elei\u00e7\u00e3o de corpo a corpo. Ser\u00e1 preciso gastar sola de sapato e conversar muito com as pessoas. Com menos dinheiro, contar\u00e1 muito o servi\u00e7o prestado aos munic\u00edpios nos \u00faltimos anos. Teremos que mostrar o que fizemos pelas pessoas\u201d, afirmou, por meio de sua assessoria.<\/p>\n<p>Para se defender das acusa\u00e7\u00f5es, Renan tem subido o tom nas cr\u00edticas contra Temer e o ex-presidente da C\u00e2mara Eduardo Cunha, preso no Paran\u00e1. \u201cAcredito que a Lava Jato n\u00e3o ser\u00e1 um problema para mim. As pessoas j\u00e1 entenderam que houve excessos e acusa\u00e7\u00f5es injustas\u201d, disse, em nota.<\/p>\n<p>De olho nas urnas, Eun\u00edcio tem se voltado a agendas com o governador Camilo Santana (PT), no interior do Cear\u00e1. Ao lado de Santana, seu advers\u00e1rio nas elei\u00e7\u00f5es de 2014, ele tem refor\u00e7ado que ajudou a levar obras importantes para a regi\u00e3o, como a transposi\u00e7\u00e3o do rio S\u00e3o Francisco.<\/p>\n<p>Empres\u00e1rio com patrim\u00f4nio de R$ 99 milh\u00f5es declarado \u00e0 Justi\u00e7a eleitoral, Eun\u00edcio n\u00e3o deve ter dificuldade em custear sua campanha.<\/p>\n<p>O peemedebista afirma que as novas regras trouxeram mais equil\u00edbrio entre os candidatos. \u201cAntes o c\u00e9u era o limite, o autofinanciamento poderia ser de R$ 1 bilh\u00e3o, 1 trilh\u00e3o ou um tost\u00e3o. N\u00f3s botamos o teto. O que aconteceu foi uma evolu\u00e7\u00e3o.<\/p>\n<p>Sobre as acusa\u00e7\u00f5es existentes contra ele na Lava Jato, Eun\u00edcio diz que ficou \u201cchateado\u201d e que as suspeitas n\u00e3o t\u00eam fundamento. Ele \u00e9 acusado de ter vendido medida provis\u00f3ria.<\/p>\n<p>Segundo ele, a dela\u00e7\u00e3o \u00e9 infundada. \u201cTenho convic\u00e7\u00e3o de que vai ser arquivado. Eu tenho apenas inqu\u00e9rito, n\u00e3o den\u00fancia.\u201d<\/p>\n<p>CONTROLE<br \/>\nOutro cacique investigado e que vai disputar a reelei\u00e7\u00e3o \u00e9 o l\u00edder do governo no Senado, Romero Juc\u00e1. De Estado com n\u00famero reduzido de eleitores, ele tem controle sobre a pol\u00edtica local e n\u00e3o deve enfrentar dificuldades.<\/p>\n<p>Em sua defesa, vem afirmando que as acusa\u00e7\u00f5es s\u00e3o \u201carma\u00e7\u00e3o\u201d do ex-procurador-geral da Rep\u00fablica Rodrigo Janot.<br \/>\nA Lava Jato coloca em risco ainda candidaturas como a da senadora Marta Suplicy (MDB-SP), mencionada nas dela\u00e7\u00f5es da JBS e da Odebrecht. A senadora enfrentar\u00e1 dificuldade com seu tradicional eleitorado petista, na Grande S\u00e3o Paulo. Ela trocou em 2015 o PT pelo MDB.<\/p>\n<p>Outro senador por S\u00e3o Paulo, o tucano Aloysio Nunes, tamb\u00e9m ter\u00e1 uma reelei\u00e7\u00e3o apertada. Ministro das Rela\u00e7\u00f5es Exteriores, afirmou via assessoria que pretende se desincompatibilizar em abril para se candidatar.<\/p>\n<p>J\u00c1 TE VI<br \/>\nInvestigados em inqu\u00e9ritos da Lava Jato ou desdobramentos devem concorrer \u00e0 reelei\u00e7\u00e3o no Senado<\/p>\n<p>Acre<br \/>\nJorge Viana * (PT)<\/p>\n<p>Alagoas<br \/>\nBenedito de Lira (PP)<br \/>\nRenan Calheiros (MDB)<\/p>\n<p>Amazonas<br \/>\nEduardo Braga (MDB)<br \/>\nVanessa Grazziotin (PC do B)<\/p>\n<p>Cear\u00e1<br \/>\nEun\u00edcio Oliveira (MDB)<\/p>\n<p>Maranh\u00e3o<br \/>\nEdison Lob\u00e3o (MDB)<\/p>\n<p>Minas Gerais<br \/>\nA\u00e9cio Neves (PSDB)<br \/>\nZez\u00e9 Perrella (MDB)<\/p>\n<p>Par\u00e1<br \/>\nJader Barbalho (MDB)<\/p>\n<p>Para\u00edba<br \/>\nC\u00e1ssio Cunha Lima (PSDB)<\/p>\n<p>Pernambuco<br \/>\nHumberto Costa (PT)<\/p>\n<p>Piau\u00ed<br \/>\nCiro Nogueira (PP)<\/p>\n<p>Paran\u00e1<br \/>\nGleisi Hoffmann (PT)<\/p>\n<p>Rio de Janeiro<br \/>\nLindbergh Farias (PT)<\/p>\n<p>Rio Grande do Norte<br \/>\nGaribaldi Alves (MDB)<br \/>\nAgripino Maia (DEM)<\/p>\n<p>Rond\u00f4nia<br \/>\nValdir Raupp (MDB)<\/p>\n<p>Roraima<br \/>\nRomero Juc\u00e1 (MDB)<br \/>\nS\u00e3o Paulo<br \/>\nAloysio Nunes (PSDB)<br \/>\nMarta Suplicy (MDB)<\/p>\n<p>*Em nota, o senador afirma que seu caso n\u00e3o tem conex\u00e3o com a Lava Jato por ter sido distribu\u00eddo do ministro relator do caso, Edson Fachin, para o ministro Gilmar Mendes.<\/p>\n<p>\u201cVamos comprovar na Justi\u00e7a que nossas campanhas foram feitas dentro da lei. O caso agora est\u00e1 nas m\u00e3os do ministro Gilmar Mendes. Ele vai investigar as nossas presta\u00e7\u00f5es de contas. Teremos a oportunidade de esclarecer a legalidade do financiamento de nossas elei\u00e7\u00f5es. Jamais recebemos dinheiro de caixa dois\u201d, diz o texto.<\/p>\n<p><strong>CARIRI EM A\u00c7\u00c3O<\/strong><\/p>\n<p>Com Folha de S. Paulo\/Foto: Reprodu\u00e7\u00e3o google<\/p>\n<p><strong>Leia mais not\u00edcias em\u00a0<\/strong><a href=\"http:\/\/www.caririemacao.com\/\"><strong>caririemacao.com<\/strong><\/a><strong>, siga nossa p\u00e1gina no\u00a0<\/strong><a href=\"https:\/\/www.facebook.com\/CaririEmAcao\/?ref=aymt_homepage_panel\"><strong>Facebook<\/strong><\/a>,<strong>\u00a0<\/strong><a href=\"https:\/\/www.instagram.com\/cariri_em_acao\/?hl=pt-br\"><strong>Instagram<\/strong><\/a><strong>\u00a0e <\/strong><a href=\"https:\/\/www.youtube.com\/channel\/UCAptA0jQuYQy8vMhLt2m4qg\"><strong>Youtube<\/strong><\/a><strong>\u00a0e veja nossas mat\u00e9rias, v\u00eddeos e fotos. Voc\u00ea tamb\u00e9m pode enviar informa\u00e7\u00f5es \u00e0 Reda\u00e7\u00e3o do Portal Cariri em A\u00e7\u00e3o pelo WhatsApp (83) 9 9634.5791, (83) 9 9601-1162.<\/strong><\/p>\n<\/section>\n","protected":false},"excerpt":{"rendered":"<p>A Folha de S\u00e3o Paulo levantou os nomes dos senadores que,envolvidos com a Lava Jato,ter\u00e3o dificuldades para se reeleger no ano que vem. Entre os&hellip; <\/p>\n","protected":false},"author":2,"featured_media":11773,"comment_status":"closed","ping_status":"closed","sticky":false,"template":"","format":"standard","meta":{"sfsi_plus_gutenberg_text_before_share":"","sfsi_plus_gutenberg_show_text_before_share":"","sfsi_plus_gutenberg_icon_type":"","sfsi_plus_gutenberg_icon_alignemt":"","sfsi_plus_gutenburg_max_per_row":"","footnotes":""},"categories":[11],"tags":[],"class_list":["post-35717","post","type-post","status-publish","format-standard","has-post-thumbnail","hentry","category-politica"],"_links":{"self":[{"href":"https:\/\/www.caririemacao.com\/1\/wp-json\/wp\/v2\/posts\/35717","targetHints":{"allow":["GET"]}}],"collection":[{"href":"https:\/\/www.caririemacao.com\/1\/wp-json\/wp\/v2\/posts"}],"about":[{"href":"https:\/\/www.caririemacao.com\/1\/wp-json\/wp\/v2\/types\/post"}],"author":[{"embeddable":true,"href":"https:\/\/www.caririemacao.com\/1\/wp-json\/wp\/v2\/users\/2"}],"replies":[{"embeddable":true,"href":"https:\/\/www.caririemacao.com\/1\/wp-json\/wp\/v2\/comments?post=35717"}],"version-history":[{"count":0,"href":"https:\/\/www.caririemacao.com\/1\/wp-json\/wp\/v2\/posts\/35717\/revisions"}],"wp:featuredmedia":[{"embeddable":true,"href":"https:\/\/www.caririemacao.com\/1\/wp-json\/wp\/v2\/media\/11773"}],"wp:attachment":[{"href":"https:\/\/www.caririemacao.com\/1\/wp-json\/wp\/v2\/media?parent=35717"}],"wp:term":[{"taxonomy":"category","embeddable":true,"href":"https:\/\/www.caririemacao.com\/1\/wp-json\/wp\/v2\/categories?post=35717"},{"taxonomy":"post_tag","embeddable":true,"href":"https:\/\/www.caririemacao.com\/1\/wp-json\/wp\/v2\/tags?post=35717"}],"curies":[{"name":"wp","href":"https:\/\/api.w.org\/{rel}","templated":true}]}}