{"id":35729,"date":"2017-12-26T08:53:08","date_gmt":"2017-12-26T11:53:08","guid":{"rendered":"http:\/\/caririemacao.com\/1\/?p=35729"},"modified":"2017-12-26T09:10:51","modified_gmt":"2017-12-26T12:10:51","slug":"papai-noel-encanta-criancas-no-natal-de-camalau","status":"publish","type":"post","link":"https:\/\/www.caririemacao.com\/1\/2017\/12\/26\/papai-noel-encanta-criancas-no-natal-de-camalau\/","title":{"rendered":"Papai Noel encanta crian\u00e7as no Natal de Camala\u00fa"},"content":{"rendered":"<p>O prefeito Sandro M\u00f4co proporcionou um natal de sonhos como nunca visto na cidade de Camala\u00fa com entregas de presentes a crian\u00e7ada.<\/p>\n<p><a href=\"http:\/\/caririemacao.com\/1\/wp-content\/uploads\/2017\/12\/7.2.jpg\"><img fetchpriority=\"high\" decoding=\"async\" class=\"aligncenter wp-image-35736 size-large\" src=\"http:\/\/caririemacao.com\/1\/wp-content\/uploads\/2017\/12\/7.2-1024x575.jpg\" alt=\"\" width=\"800\" height=\"449\" srcset=\"https:\/\/www.caririemacao.com\/1\/wp-content\/uploads\/2017\/12\/7.2-1024x575.jpg 1024w, https:\/\/www.caririemacao.com\/1\/wp-content\/uploads\/2017\/12\/7.2-300x169.jpg 300w, https:\/\/www.caririemacao.com\/1\/wp-content\/uploads\/2017\/12\/7.2-768x431.jpg 768w, https:\/\/www.caririemacao.com\/1\/wp-content\/uploads\/2017\/12\/7.2.jpg 1280w\" sizes=\"(max-width: 800px) 100vw, 800px\" \/><\/a><\/p>\n<p>A entrega de presentes e a visita do Papai Noel foi um momento que com certeza vai ficar marcado na lembran\u00e7a das centenas de crian\u00e7as que participaram al\u00e9m de ter sido muito elogiado pelos pais que estiveram presentes.<\/p>\n<p>O papai Noel fez a alegria da crian\u00e7ada camalauense com desfile pelas ruas da cidade, distribui\u00e7\u00e3o de doces, balas e chocolates, al\u00e9m da tradicional entrega de presentes.<\/p>\n<p>O prefeito Sandro confirmou que vai manter a tradi\u00e7\u00e3o enquanto estiver no governo, pois o respeito pela popula\u00e7\u00e3o come\u00e7a pelas crian\u00e7as que s\u00e3o o futuro de nossa terra.<\/p>\n<p><strong>CARIRI EM A\u00c7\u00c3O<\/strong><\/p>\n<p>Com F\u00e1bio Brito &#8211; Fotos: Tinda Oliveira<\/p>\n<p><strong>Leia mais not\u00edcias em\u00a0<\/strong><a style=\"font-style: inherit; font-weight: inherit;\" href=\"http:\/\/www.caririemacao.com\/\"><strong style=\"font-style: inherit;\">caririemacao.com<\/strong><\/a><strong style=\"font-style: inherit;\">, siga nossa p\u00e1gina no\u00a0<\/strong><a style=\"font-style: inherit; font-weight: inherit;\" href=\"https:\/\/www.facebook.com\/CaririEmAcao\/?ref=aymt_homepage_panel\"><strong style=\"font-style: inherit;\">Facebook<\/strong><\/a>,<strong style=\"font-style: inherit;\">\u00a0<\/strong><a style=\"font-style: inherit; font-weight: inherit;\" href=\"https:\/\/www.instagram.com\/cariri_em_acao\/?hl=pt-br\"><strong style=\"font-style: inherit;\">Instagram<\/strong><\/a><strong style=\"font-style: inherit;\">\u00a0e\u00a0<\/strong><a style=\"font-style: inherit; font-weight: inherit;\" href=\"https:\/\/www.youtube.com\/channel\/UCAptA0jQuYQy8vMhLt2m4qg\"><strong style=\"font-style: inherit;\">Youtube<\/strong><\/a><strong style=\"font-style: inherit;\">\u00a0e veja nossas mat\u00e9rias, v\u00eddeos e fotos. Voc\u00ea tamb\u00e9m pode enviar informa\u00e7\u00f5es \u00e0 Reda\u00e7\u00e3o do Portal Cariri em A\u00e7\u00e3o pelo WhatsApp (83) 9 9634.5791, (83) 9 9601-1162.<\/strong><\/p>\n","protected":false},"excerpt":{"rendered":"<p>O prefeito Sandro M\u00f4co proporcionou um natal de sonhos como nunca visto na cidade de Camala\u00fa com entregas de presentes a crian\u00e7ada. A entrega de&hellip; <\/p>\n","protected":false},"author":2,"featured_media":35730,"comment_status":"closed","ping_status":"closed","sticky":false,"template":"","format":"standard","meta":{"sfsi_plus_gutenberg_text_before_share":"","sfsi_plus_gutenberg_show_text_before_share":"","sfsi_plus_gutenberg_icon_type":"","sfsi_plus_gutenberg_icon_alignemt":"","sfsi_plus_gutenburg_max_per_row":"","footnotes":""},"categories":[6],"tags":[],"class_list":["post-35729","post","type-post","status-publish","format-standard","has-post-thumbnail","hentry","category-cidades"],"_links":{"self":[{"href":"https:\/\/www.caririemacao.com\/1\/wp-json\/wp\/v2\/posts\/35729","targetHints":{"allow":["GET"]}}],"collection":[{"href":"https:\/\/www.caririemacao.com\/1\/wp-json\/wp\/v2\/posts"}],"about":[{"href":"https:\/\/www.caririemacao.com\/1\/wp-json\/wp\/v2\/types\/post"}],"author":[{"embeddable":true,"href":"https:\/\/www.caririemacao.com\/1\/wp-json\/wp\/v2\/users\/2"}],"replies":[{"embeddable":true,"href":"https:\/\/www.caririemacao.com\/1\/wp-json\/wp\/v2\/comments?post=35729"}],"version-history":[{"count":0,"href":"https:\/\/www.caririemacao.com\/1\/wp-json\/wp\/v2\/posts\/35729\/revisions"}],"wp:featuredmedia":[{"embeddable":true,"href":"https:\/\/www.caririemacao.com\/1\/wp-json\/wp\/v2\/media\/35730"}],"wp:attachment":[{"href":"https:\/\/www.caririemacao.com\/1\/wp-json\/wp\/v2\/media?parent=35729"}],"wp:term":[{"taxonomy":"category","embeddable":true,"href":"https:\/\/www.caririemacao.com\/1\/wp-json\/wp\/v2\/categories?post=35729"},{"taxonomy":"post_tag","embeddable":true,"href":"https:\/\/www.caririemacao.com\/1\/wp-json\/wp\/v2\/tags?post=35729"}],"curies":[{"name":"wp","href":"https:\/\/api.w.org\/{rel}","templated":true}]}}