{"id":35739,"date":"2017-12-26T09:21:23","date_gmt":"2017-12-26T12:21:23","guid":{"rendered":"http:\/\/caririemacao.com\/1\/?p=35739"},"modified":"2017-12-26T09:21:23","modified_gmt":"2017-12-26T12:21:23","slug":"presidente-do-patriotas-da-paraiba-anuncia-saida-do-partido-e-alega-acordos-nao-cumpridos","status":"publish","type":"post","link":"https:\/\/www.caririemacao.com\/1\/2017\/12\/26\/presidente-do-patriotas-da-paraiba-anuncia-saida-do-partido-e-alega-acordos-nao-cumpridos\/","title":{"rendered":"Presidente do Patriotas da Para\u00edba, anuncia sa\u00edda do Partido, e alega acordos n\u00e3o cumpridos"},"content":{"rendered":"<div class=\"ol-content-desc\">\n<p>O presidente estadual do Patriotas, Julian Lemos, anunciou na manh\u00e3 desta ter\u00e7a-feira (26), que deixar\u00e1 o partido junto com o presidenci\u00e1vel Jair Bolsonaro. Ele disse que j\u00e1 comunicou a decis\u00e3o ao presidente nacional da legenda.<\/p>\n<p>O motivo, segundo Lemos, diz respeito \u00e0 acordos n\u00e3o cumpridos. O PEN se tornaria patriotas com a chegada de Bolsonaro, segundo o acordo estabelecido, por\u00e9m, n\u00e3o havia garantias de que isso fosse acontecer. O destino do Patriota deve ser o PSL\/Livres.<\/p>\n<\/div>\n<div class=\"ol-content-category-s\"><strong>CARIRI EM A\u00c7\u00c3O<\/strong><\/div>\n<div>\n<p>Com Rep\u00f3rter PB \/Foto: Reprodu\u00e7\u00e3o<\/p>\n<p><strong>Leia mais not\u00edcias em\u00a0<\/strong><a href=\"http:\/\/www.caririemacao.com\/\"><strong>caririemacao.com<\/strong><\/a><strong>, siga nossa p\u00e1gina no\u00a0<\/strong><a href=\"https:\/\/www.facebook.com\/CaririEmAcao\/?ref=aymt_homepage_panel\"><strong>Facebook<\/strong><\/a>,<strong>\u00a0<\/strong><a href=\"https:\/\/www.instagram.com\/cariri_em_acao\/?hl=pt-br\"><strong>Instagram<\/strong><\/a><strong>\u00a0e <\/strong><a href=\"https:\/\/www.youtube.com\/channel\/UCAptA0jQuYQy8vMhLt2m4qg\"><strong>Youtube<\/strong><\/a><strong>\u00a0e veja nossas mat\u00e9rias, v\u00eddeos e fotos. Voc\u00ea tamb\u00e9m pode enviar informa\u00e7\u00f5es \u00e0 Reda\u00e7\u00e3o do Portal Cariri em A\u00e7\u00e3o pelo WhatsApp (83) 9 9634.5791, (83) 9 9601-1162.<\/strong><\/p>\n<\/div>\n","protected":false},"excerpt":{"rendered":"<p>O presidente estadual do Patriotas, Julian Lemos, anunciou na manh\u00e3 desta ter\u00e7a-feira (26), que deixar\u00e1 o partido junto com o presidenci\u00e1vel Jair Bolsonaro. Ele disse&hellip; <\/p>\n","protected":false},"author":2,"featured_media":35741,"comment_status":"closed","ping_status":"closed","sticky":false,"template":"","format":"standard","meta":{"sfsi_plus_gutenberg_text_before_share":"","sfsi_plus_gutenberg_show_text_before_share":"","sfsi_plus_gutenberg_icon_type":"","sfsi_plus_gutenberg_icon_alignemt":"","sfsi_plus_gutenburg_max_per_row":"","footnotes":""},"categories":[11],"tags":[],"class_list":["post-35739","post","type-post","status-publish","format-standard","has-post-thumbnail","hentry","category-politica"],"_links":{"self":[{"href":"https:\/\/www.caririemacao.com\/1\/wp-json\/wp\/v2\/posts\/35739","targetHints":{"allow":["GET"]}}],"collection":[{"href":"https:\/\/www.caririemacao.com\/1\/wp-json\/wp\/v2\/posts"}],"about":[{"href":"https:\/\/www.caririemacao.com\/1\/wp-json\/wp\/v2\/types\/post"}],"author":[{"embeddable":true,"href":"https:\/\/www.caririemacao.com\/1\/wp-json\/wp\/v2\/users\/2"}],"replies":[{"embeddable":true,"href":"https:\/\/www.caririemacao.com\/1\/wp-json\/wp\/v2\/comments?post=35739"}],"version-history":[{"count":0,"href":"https:\/\/www.caririemacao.com\/1\/wp-json\/wp\/v2\/posts\/35739\/revisions"}],"wp:featuredmedia":[{"embeddable":true,"href":"https:\/\/www.caririemacao.com\/1\/wp-json\/wp\/v2\/media\/35741"}],"wp:attachment":[{"href":"https:\/\/www.caririemacao.com\/1\/wp-json\/wp\/v2\/media?parent=35739"}],"wp:term":[{"taxonomy":"category","embeddable":true,"href":"https:\/\/www.caririemacao.com\/1\/wp-json\/wp\/v2\/categories?post=35739"},{"taxonomy":"post_tag","embeddable":true,"href":"https:\/\/www.caririemacao.com\/1\/wp-json\/wp\/v2\/tags?post=35739"}],"curies":[{"name":"wp","href":"https:\/\/api.w.org\/{rel}","templated":true}]}}