{"id":35745,"date":"2017-12-26T09:29:03","date_gmt":"2017-12-26T12:29:03","guid":{"rendered":"http:\/\/caririemacao.com\/1\/?p=35745"},"modified":"2017-12-26T09:29:03","modified_gmt":"2017-12-26T12:29:03","slug":"dem-traca-estrategia-para-lancar-rodrigo-maia-como-candidato-a-presidencia","status":"publish","type":"post","link":"https:\/\/www.caririemacao.com\/1\/2017\/12\/26\/dem-traca-estrategia-para-lancar-rodrigo-maia-como-candidato-a-presidencia\/","title":{"rendered":"DEM tra\u00e7a estrat\u00e9gia para lan\u00e7ar Rodrigo Maia como candidato \u00e0 Presid\u00eancia"},"content":{"rendered":"<p>O\u00a0DEM trabalha para lan\u00e7ar o presidente da C\u00e2mara dos Deputados, Rodrigo Maia\u00a0(RJ), como candidato \u00e0 Presid\u00eancia da Rep\u00fablica em 2018. A legenda investe no discurso de que ele \u00e9 o \u00fanico candidato com capacidade de \u201creunificar\u201d a pol\u00edtica nacional, por ser hoje um dos poucos pol\u00edticos com tr\u00e2nsito no governo e nos principais partidos da oposi\u00e7\u00e3o (PT, PC do B e PDT), que o ajudaram a se eleger para o comando da Casa, al\u00e9m de manter boa rela\u00e7\u00e3o com o Judici\u00e1rio.<\/p>\n<p>O lan\u00e7amento da pr\u00e9-candidatura j\u00e1 tem data para acontecer: 6 de fevereiro, quando est\u00e1 marcada a conven\u00e7\u00e3o nacional do DEM. Ao lan\u00e7ar Maia, a estrat\u00e9gia do partido \u00e9 testar o nome do presidente da C\u00e2mara nas pesquisas eleitorais. O parlamentar fluminense tem dito a aliados que s\u00f3 aceita disputar o Pal\u00e1cio do Planalto se atingir pelo menos 10% das inten\u00e7\u00f5es de voto. Nos \u00faltimos levantamentos, ele ainda patina, com menos de 5%.<\/p>\n<p>\u201cO Rodrigo tem os principais atributos que o legitimam a exercer essa fun\u00e7\u00e3o de candidato do centro: capacidade de di\u00e1logo, equil\u00edbrio e serenidade para tomar decis\u00f5es. Hoje \u00e9 um presidente respeitado pelo governo e pela oposi\u00e7\u00e3o, mostrando voca\u00e7\u00e3o para romper esse clima de intoler\u00e2ncia pol\u00edtica que agita o Pa\u00eds\u201d, diz o l\u00edder do DEM na C\u00e2mara, Efraim Filho (PB), um dos principais entusiastas da candidatura de Maia.<\/p>\n<p>Em busca de apoio para se viabilizar como candidato, Maia atua em pelo menos duas frentes. Em uma delas, tenta se firmar como l\u00edder do Centr\u00e3o, grupo do qual fazem parte partidos grandes e m\u00e9dios, entre eles PP, PR, PSD, PRB e PTB, e que est\u00e1 sem lideran\u00e7a desde a pris\u00e3o do ex-deputado Eduardo Cunha (PMDB-RJ). Na outra, investe numa aproxima\u00e7\u00e3o com o PMDB do presidente Michel Temer, o qual trabalha por uma candidatura \u00fanica da base aliada que defenda o legado de seu governo.<\/p>\n<p>Com os movimentos, Maia busca afastar essas legendas do governador de S\u00e3o Paulo, Geraldo Alckmin (PSDB), um dos nomes que tenta se viabilizar como o candidato de centro-direita apoiado pelos partidos da atual base aliada. Al\u00e9m do tucano, outro que se movimenta para ser esse candidato \u00fanico da base \u00e9 o ministro da Fazenda, Henrique Meirelles (PSD), que se aproximou do presidente da C\u00e2mara nos \u00faltimos meses.<\/p>\n<p>Com apoio oficial desses partidos, Maia teria o maior tempo de televis\u00e3o, o que o ajudaria a se tornar mais conhecido perante a popula\u00e7\u00e3o. Atualmente exercendo seu quinto mandato de deputado consecutivo, ele teve desempenho eleitoral pequeno no \u00faltimo pleito, em 2014. Naquele ano, o parlamentar fluminense se elegeu deputado com 53.167 votos, tr\u00eas vezes menos do que seu melhor desempenho nas urnas, que aconteceu em 2006 (198.770 votos).<\/p>\n<p>\u201cO Rodrigo, pela condi\u00e7\u00e3o de presidente da C\u00e2mara e caracter\u00edsticas de atua\u00e7\u00e3o pol\u00edtica dele, converge muito com partidos de todas as matizes. Ele est\u00e1 construindo, num processo extremamente delicado, uma candidatura que pode vir a unir partidos do centro e juntar, mesmo que n\u00e3o coligados, mas com apoio, esquerda direita e centro\u201d, afirma o deputado Pauderney Avelino (AM), secret\u00e1rio-geral do DEM.<\/p>\n<p>Planejamento.\u00a0Segundo Efraim, a candidatura de Maia vem sendo planejada estrategicamente. O primeiro passo, diz, foi fortalecer a bancada da sigla na C\u00e2mara, que elegeu 21 deputados em 2014 e deve dobrar de tamanho at\u00e9 mar\u00e7o, segundo estimativa da legenda. \u201cIsso d\u00e1 capilaridade nos Estados\u201d, diz o l\u00edder. A segunda etapa ser\u00e1 lan\u00e7amento de 12 pr\u00e9-candidaturas a governador em 2018 (BA, GO, AP, PE, RJ, SP, RS, DF, PA, MT, MS e RO), ante apenas duas em 2014.<\/p>\n<p>\u201cEstamos tentando ocupar espa\u00e7o de centro, lacuna deixada pelo pr\u00f3prio PSDB, nos conflitos externos, brigas e disputas internas\u201d, afirma Efraim. De acordo com o l\u00edder, a pr\u00e9-candidatura de Maia ter\u00e1 tr\u00eas \u201cpilares\u201d: a agenda econ\u00f4mica, com foco no emprego e empreendedorismo; a social, tendo como \u201cvitrine\u201d a reforma do ensino m\u00e9dio feita pelo ministro da Educa\u00e7\u00e3o, Mendon\u00e7a Filho, que \u00e9 do DEM; e seguran\u00e7a p\u00fablica, com propostas em \u201cdefesa da vida e da fam\u00edlia\u201d.<\/p>\n<p>\u201cO Rodrigo tem cumprido papel fundamental para estabilidade econ\u00f4mica e pol\u00edtica do Brasil. Tem articula\u00e7\u00e3o pol\u00edtica interna, mas tamb\u00e9m esp\u00edrito p\u00fablico para interpretar o que Brasil precisa\u201d, diz o deputado licenciado Rodrigo Garcia (SP), secret\u00e1rio estadual de Habita\u00e7\u00e3o de S\u00e3o Paulo e um dos vice-presidentes do DEM. \u201cO Rodrigo ter\u00e1 um papel fundamental nas elei\u00e7\u00f5es de 2018, sendo ele o candidato a presidente ou n\u00e3o\u201d, emendou.<\/p>\n<p>Procurado, o presidente da C\u00e2mara disse que em 2018 tentar\u00e1 se reeleger para o sexto mandato consecutivo como deputado e, se tiver sucesso, reelei\u00e7\u00e3o para Presid\u00eancia da Casa. No Rio, diz, seu foco ser\u00e1 eleger seu pai, o ex-prefeito C\u00e9sar Maia (DEM), para o governo do Estado ou para uma das duas vagas do Senado. Ele defende que o DEM tenha candidatura pr\u00f3pria a presidente e cita o nome do prefeito de Salvador, ACM Neto, e do senador Ronaldo Caiado (GO) como bons candidatos a presidente pela sigla.<\/p>\n<p><strong>CARIRI EM A\u00c7\u00c3O<\/strong><\/p>\n<p>Com <em>Estad\u00e3o<\/em>\/Foto: Reprodu\u00e7\u00e3o google<\/p>\n<p><strong>Leia mais not\u00edcias em\u00a0<\/strong><a href=\"http:\/\/www.caririemacao.com\/\"><strong>caririemacao.com<\/strong><\/a><strong>, siga nossa p\u00e1gina no\u00a0<\/strong><a href=\"https:\/\/www.facebook.com\/CaririEmAcao\/?ref=aymt_homepage_panel\"><strong>Facebook<\/strong><\/a>,<strong>\u00a0<\/strong><a href=\"https:\/\/www.instagram.com\/cariri_em_acao\/?hl=pt-br\"><strong>Instagram<\/strong><\/a><strong>\u00a0e <\/strong><a href=\"https:\/\/www.youtube.com\/channel\/UCAptA0jQuYQy8vMhLt2m4qg\"><strong>Youtube<\/strong><\/a><strong>\u00a0e veja nossas mat\u00e9rias, v\u00eddeos e fotos. Voc\u00ea tamb\u00e9m pode enviar informa\u00e7\u00f5es \u00e0 Reda\u00e7\u00e3o do Portal Cariri em A\u00e7\u00e3o pelo WhatsApp (83) 9 9634.5791, (83) 9 9601-1162.<\/strong><\/p>\n","protected":false},"excerpt":{"rendered":"<p>O\u00a0DEM trabalha para lan\u00e7ar o presidente da C\u00e2mara dos Deputados, Rodrigo Maia\u00a0(RJ), como candidato \u00e0 Presid\u00eancia da Rep\u00fablica em 2018. A legenda investe no discurso&hellip; <\/p>\n","protected":false},"author":2,"featured_media":33778,"comment_status":"closed","ping_status":"closed","sticky":false,"template":"","format":"standard","meta":{"sfsi_plus_gutenberg_text_before_share":"","sfsi_plus_gutenberg_show_text_before_share":"","sfsi_plus_gutenberg_icon_type":"","sfsi_plus_gutenberg_icon_alignemt":"","sfsi_plus_gutenburg_max_per_row":"","footnotes":""},"categories":[1],"tags":[],"class_list":["post-35745","post","type-post","status-publish","format-standard","has-post-thumbnail","hentry","category-o-site"],"_links":{"self":[{"href":"https:\/\/www.caririemacao.com\/1\/wp-json\/wp\/v2\/posts\/35745","targetHints":{"allow":["GET"]}}],"collection":[{"href":"https:\/\/www.caririemacao.com\/1\/wp-json\/wp\/v2\/posts"}],"about":[{"href":"https:\/\/www.caririemacao.com\/1\/wp-json\/wp\/v2\/types\/post"}],"author":[{"embeddable":true,"href":"https:\/\/www.caririemacao.com\/1\/wp-json\/wp\/v2\/users\/2"}],"replies":[{"embeddable":true,"href":"https:\/\/www.caririemacao.com\/1\/wp-json\/wp\/v2\/comments?post=35745"}],"version-history":[{"count":0,"href":"https:\/\/www.caririemacao.com\/1\/wp-json\/wp\/v2\/posts\/35745\/revisions"}],"wp:featuredmedia":[{"embeddable":true,"href":"https:\/\/www.caririemacao.com\/1\/wp-json\/wp\/v2\/media\/33778"}],"wp:attachment":[{"href":"https:\/\/www.caririemacao.com\/1\/wp-json\/wp\/v2\/media?parent=35745"}],"wp:term":[{"taxonomy":"category","embeddable":true,"href":"https:\/\/www.caririemacao.com\/1\/wp-json\/wp\/v2\/categories?post=35745"},{"taxonomy":"post_tag","embeddable":true,"href":"https:\/\/www.caririemacao.com\/1\/wp-json\/wp\/v2\/tags?post=35745"}],"curies":[{"name":"wp","href":"https:\/\/api.w.org\/{rel}","templated":true}]}}