{"id":35748,"date":"2017-12-26T11:14:52","date_gmt":"2017-12-26T14:14:52","guid":{"rendered":"http:\/\/caririemacao.com\/1\/?p=35748"},"modified":"2017-12-26T11:14:52","modified_gmt":"2017-12-26T14:14:52","slug":"ptb-revela-acordo-com-rc-para-wilson-ser-vice-de-azevedo","status":"publish","type":"post","link":"https:\/\/www.caririemacao.com\/1\/2017\/12\/26\/ptb-revela-acordo-com-rc-para-wilson-ser-vice-de-azevedo\/","title":{"rendered":"PTB revela acordo com RC para Wilson ser vice de Azevedo"},"content":{"rendered":"<div class=\"default\">\n<p>Em entrevista neste final de semana, \u00e0 r\u00e1dio comunit\u00e1ria Boa Nova FM, de Itaporanga, o deputado federal e candidato \u00e0 reelei\u00e7\u00e3o, Wilson Filho (PTB), disse que seu partido est\u00e1 fechado politicamente com o governador Ricardo Coutinho para as elei\u00e7\u00f5es de 2018 e dever\u00e1 indicar a vice na chapa apoiada pelo governador.<\/p>\n<p>Conforme Wilson Filho, o seu pai, Wilson Santiago, dever\u00e1 compor, como vice, a chapa encabe\u00e7ada por Jo\u00e3o Azevedo (PSB), candidato do Pal\u00e1cio da Reden\u00e7\u00e3o, mas ponderou que essa quest\u00e3o ser\u00e1 tratada mais profundamente no pr\u00f3ximo ano.<\/p>\n<p><strong>CARIRI EM A\u00c7\u00c3O<\/strong><\/p>\n<\/div>\n<p>Com Folha do Vale \/Foto: Reprodu\u00e7\u00e3o google<\/p>\n<p><strong>Leia mais not\u00edcias em\u00a0<\/strong><a href=\"http:\/\/www.caririemacao.com\/\"><strong>caririemacao.com<\/strong><\/a><strong>, siga nossa p\u00e1gina no\u00a0<\/strong><a href=\"https:\/\/www.facebook.com\/CaririEmAcao\/?ref=aymt_homepage_panel\"><strong>Facebook<\/strong><\/a>,<strong>\u00a0<\/strong><a href=\"https:\/\/www.instagram.com\/cariri_em_acao\/?hl=pt-br\"><strong>Instagram<\/strong><\/a><strong>\u00a0e <\/strong><a href=\"https:\/\/www.youtube.com\/channel\/UCAptA0jQuYQy8vMhLt2m4qg\"><strong>Youtube<\/strong><\/a><strong>\u00a0e veja nossas mat\u00e9rias, v\u00eddeos e fotos. Voc\u00ea tamb\u00e9m pode enviar informa\u00e7\u00f5es \u00e0 Reda\u00e7\u00e3o do Portal Cariri em A\u00e7\u00e3o pelo WhatsApp (83) 9 9634.5791, (83) 9 9601-1162.<\/strong><\/p>\n<div><\/div>\n","protected":false},"excerpt":{"rendered":"<p>Em entrevista neste final de semana, \u00e0 r\u00e1dio comunit\u00e1ria Boa Nova FM, de Itaporanga, o deputado federal e candidato \u00e0 reelei\u00e7\u00e3o, Wilson Filho (PTB), disse&hellip; <\/p>\n","protected":false},"author":2,"featured_media":35749,"comment_status":"closed","ping_status":"closed","sticky":false,"template":"","format":"standard","meta":{"sfsi_plus_gutenberg_text_before_share":"","sfsi_plus_gutenberg_show_text_before_share":"","sfsi_plus_gutenberg_icon_type":"","sfsi_plus_gutenberg_icon_alignemt":"","sfsi_plus_gutenburg_max_per_row":"","footnotes":""},"categories":[11],"tags":[],"class_list":["post-35748","post","type-post","status-publish","format-standard","has-post-thumbnail","hentry","category-politica"],"_links":{"self":[{"href":"https:\/\/www.caririemacao.com\/1\/wp-json\/wp\/v2\/posts\/35748","targetHints":{"allow":["GET"]}}],"collection":[{"href":"https:\/\/www.caririemacao.com\/1\/wp-json\/wp\/v2\/posts"}],"about":[{"href":"https:\/\/www.caririemacao.com\/1\/wp-json\/wp\/v2\/types\/post"}],"author":[{"embeddable":true,"href":"https:\/\/www.caririemacao.com\/1\/wp-json\/wp\/v2\/users\/2"}],"replies":[{"embeddable":true,"href":"https:\/\/www.caririemacao.com\/1\/wp-json\/wp\/v2\/comments?post=35748"}],"version-history":[{"count":0,"href":"https:\/\/www.caririemacao.com\/1\/wp-json\/wp\/v2\/posts\/35748\/revisions"}],"wp:featuredmedia":[{"embeddable":true,"href":"https:\/\/www.caririemacao.com\/1\/wp-json\/wp\/v2\/media\/35749"}],"wp:attachment":[{"href":"https:\/\/www.caririemacao.com\/1\/wp-json\/wp\/v2\/media?parent=35748"}],"wp:term":[{"taxonomy":"category","embeddable":true,"href":"https:\/\/www.caririemacao.com\/1\/wp-json\/wp\/v2\/categories?post=35748"},{"taxonomy":"post_tag","embeddable":true,"href":"https:\/\/www.caririemacao.com\/1\/wp-json\/wp\/v2\/tags?post=35748"}],"curies":[{"name":"wp","href":"https:\/\/api.w.org\/{rel}","templated":true}]}}