{"id":35760,"date":"2017-12-26T11:33:21","date_gmt":"2017-12-26T14:33:21","guid":{"rendered":"http:\/\/caririemacao.com\/1\/?p=35760"},"modified":"2017-12-26T11:33:21","modified_gmt":"2017-12-26T14:33:21","slug":"homem-sai-de-casa-para-comprar-carnes-e-morre-em-acidente-no-cariri","status":"publish","type":"post","link":"https:\/\/www.caririemacao.com\/1\/2017\/12\/26\/homem-sai-de-casa-para-comprar-carnes-e-morre-em-acidente-no-cariri\/","title":{"rendered":"Homem sai de casa para comprar carnes e morre em acidente no Cariri"},"content":{"rendered":"<div class=\"contentPost\">\n<p>Um homem de 39 anos morreu ap\u00f3s sofrer um acidente de moto na cidade e Livramento, no Cariri paraibano. A suspeita da Pol\u00edcia Militar \u00e9 de que a v\u00edtima tenha perdido o controle da motociclista e ca\u00eddo. O acidente ocorreu na manh\u00e3 desta segunda-feira (25).<\/p>\n<p>Segundo as informa\u00e7\u00f5es da Pol\u00edcia Militar, familiares relataram que a v\u00edtima havia sa\u00eddo de casa pela manh\u00e3 para comprar carnes, na moto. Ainda de acordo com a Pol\u00edcia Militar, no momento do acidente o motociclista n\u00e3o estava usando capacete.<\/p>\n<p>A v\u00edtima morava no s\u00edtio Areia de Ver\u00e3o, na zona rural do munic\u00edpio de Livramento. O corpo do homem foi reconhecido por familiares. No local do acidente, a Pol\u00edcia Militar fez um isolamento, enquanto aguardava a chegada da per\u00edcia, at\u00e9 13h (hor\u00e1rio local) desta segunda-feira.<\/p>\n<\/div>\n<p><strong>CARIRI EM A\u00c7\u00c3O<\/strong><\/p>\n<p>Com Cariri Ligado\/Foto: Reprodu\u00e7\u00e3o google<\/p>\n<p><strong>Leia mais not\u00edcias em\u00a0<\/strong><a href=\"http:\/\/www.caririemacao.com\/\"><strong>caririemacao.com<\/strong><\/a><strong>, siga nossa p\u00e1gina no\u00a0<\/strong><a href=\"https:\/\/www.facebook.com\/CaririEmAcao\/?ref=aymt_homepage_panel\"><strong>Facebook<\/strong><\/a>,<strong>\u00a0<\/strong><a href=\"https:\/\/www.instagram.com\/cariri_em_acao\/?hl=pt-br\"><strong>Instagram<\/strong><\/a><strong>\u00a0e <\/strong><a href=\"https:\/\/www.youtube.com\/channel\/UCAptA0jQuYQy8vMhLt2m4qg\"><strong>Youtube<\/strong><\/a><strong>\u00a0e veja nossas mat\u00e9rias, v\u00eddeos e fotos. Voc\u00ea tamb\u00e9m pode enviar informa\u00e7\u00f5es \u00e0 Reda\u00e7\u00e3o do Portal Cariri em A\u00e7\u00e3o pelo WhatsApp (83) 9 9634.5791, (83) 9 9601-1162.<\/strong><\/p>\n","protected":false},"excerpt":{"rendered":"<p>Um homem de 39 anos morreu ap\u00f3s sofrer um acidente de moto na cidade e Livramento, no Cariri paraibano. A suspeita da Pol\u00edcia Militar \u00e9&hellip; <\/p>\n","protected":false},"author":2,"featured_media":35762,"comment_status":"closed","ping_status":"closed","sticky":false,"template":"","format":"standard","meta":{"sfsi_plus_gutenberg_text_before_share":"","sfsi_plus_gutenberg_show_text_before_share":"","sfsi_plus_gutenberg_icon_type":"","sfsi_plus_gutenberg_icon_alignemt":"","sfsi_plus_gutenburg_max_per_row":"","footnotes":""},"categories":[12],"tags":[],"class_list":["post-35760","post","type-post","status-publish","format-standard","has-post-thumbnail","hentry","category-policia"],"_links":{"self":[{"href":"https:\/\/www.caririemacao.com\/1\/wp-json\/wp\/v2\/posts\/35760","targetHints":{"allow":["GET"]}}],"collection":[{"href":"https:\/\/www.caririemacao.com\/1\/wp-json\/wp\/v2\/posts"}],"about":[{"href":"https:\/\/www.caririemacao.com\/1\/wp-json\/wp\/v2\/types\/post"}],"author":[{"embeddable":true,"href":"https:\/\/www.caririemacao.com\/1\/wp-json\/wp\/v2\/users\/2"}],"replies":[{"embeddable":true,"href":"https:\/\/www.caririemacao.com\/1\/wp-json\/wp\/v2\/comments?post=35760"}],"version-history":[{"count":0,"href":"https:\/\/www.caririemacao.com\/1\/wp-json\/wp\/v2\/posts\/35760\/revisions"}],"wp:featuredmedia":[{"embeddable":true,"href":"https:\/\/www.caririemacao.com\/1\/wp-json\/wp\/v2\/media\/35762"}],"wp:attachment":[{"href":"https:\/\/www.caririemacao.com\/1\/wp-json\/wp\/v2\/media?parent=35760"}],"wp:term":[{"taxonomy":"category","embeddable":true,"href":"https:\/\/www.caririemacao.com\/1\/wp-json\/wp\/v2\/categories?post=35760"},{"taxonomy":"post_tag","embeddable":true,"href":"https:\/\/www.caririemacao.com\/1\/wp-json\/wp\/v2\/tags?post=35760"}],"curies":[{"name":"wp","href":"https:\/\/api.w.org\/{rel}","templated":true}]}}