{"id":35761,"date":"2017-12-26T11:36:18","date_gmt":"2017-12-26T14:36:18","guid":{"rendered":"http:\/\/caririemacao.com\/1\/?p=35761"},"modified":"2017-12-26T11:36:18","modified_gmt":"2017-12-26T14:36:18","slug":"na-paraiba-1-323-profissionais-devem-pedir-desenquadramento-do-simples","status":"publish","type":"post","link":"https:\/\/www.caririemacao.com\/1\/2017\/12\/26\/na-paraiba-1-323-profissionais-devem-pedir-desenquadramento-do-simples\/","title":{"rendered":"Na Para\u00edba, 1.323 profissionais devem pedir desenquadramento do Simples"},"content":{"rendered":"<p>O empreendedorismo individual se consolidou, nos \u00faltimos oito anos, como uma alternativa para diversos brasileiros crescerem em meio \u00e0 crise econ\u00f4mica do pa\u00eds. Foi atrav\u00e9s dessa oportunidade que, desde 2015, o personal trainer Thiago Almeida conseguiu expandir seu neg\u00f3cio em Campina Grande, aumentando a oferta de servi\u00e7os especializados, principalmente para empresas e pessoas jur\u00eddicas da regi\u00e3o.<\/p>\n<div><\/div>\n<div>No entanto, a partir de 2018, Thiago, assim como outros personal trainers, arquivistas, contadores e t\u00e9cnicos cont\u00e1beis n\u00e3o poder\u00e3o mais ser microempreededores individuais (MEI). Isso porque entram em vigor, no pr\u00f3ximo ano, as normas estabelecidas na Lei Complementar n\u00ba 155\/2016 \u2013 Crescer Sem Medo. Na Para\u00edba, o Sebrae estima que 1.323 MEIs tenham que solicitar seu desenquadramento da categoria no Portal do Simples Nacional.<\/div>\n<div><\/div>\n<div>\u201cSer MEI era algo que facilitava para mim porque eu conseguia prestar servi\u00e7os de consultoria, emitir nota fiscal, que \u00e9 algo imprescind\u00edvel para qualquer empresa justificar seus custos, agora isso \u00e9 meio que um retrocesso, porque \u00e9 diferente quando voc\u00ea est\u00e1 formalizado como empresa. No entanto, estamos organizados com o Conselho Federal de Educa\u00e7\u00e3o F\u00edsica e vamos tentar reverter essa decis\u00e3o\u201d, comenta Thiago.<\/div>\n<div><\/div>\n<div>Em todo o Estado, 527 personal trainers, que s\u00e3o microempreendedores individuais, ir\u00e3o perder esses benef\u00edcios simplificados, al\u00e9m de 554 contadores\/t\u00e9cnicos cont\u00e1beis e 242 arquivistas, conforme os dados da Receita Federal.<\/div>\n<div><\/div>\n<div>As mudan\u00e7as acontecem a partir do dia 1\u00ba de janeiro de 2018, al\u00e9m da exclus\u00e3o das ocupa\u00e7\u00f5es citadas no texto, passar\u00e3o a poder se enquadrar no MEI: apicultor, cerqueiro, locador de bicicletas, locador de material esportivo, locador de motocicletas, locador de videogame, viveirista, prestador de servi\u00e7os de colheita, de poda, de prepara\u00e7\u00e3o de terrenos, ro\u00e7agem e semeadura (sob contrato de empreitada).<\/div>\n<div><\/div>\n<div>Al\u00e9m disso, foi acrescido o termo \u201cindependente\u201d ao MEI. Assim, fica claro que a pessoa n\u00e3o pode ter rela\u00e7\u00e3o de subordina\u00e7\u00e3o e pessoalidade com o contratante a quem vai prestar servi\u00e7os.<\/div>\n<div><\/div>\n<div>A medida, conforme o analista do Sebrae Para\u00edba, Luciano Holanda, pode aumentar a informalidade. \u201cEsta medida constitui-se num retrocesso para o processo de simplifica\u00e7\u00e3o do ambiente de neg\u00f3cio brasileiro e pode influenciar diretamente no aumento da informalidade dos profissionais que atuam nestes segmentos ou que pretendiam atuar\u201d, explica.<\/div>\n<div><\/div>\n<div>Ainda conforme o analista, as alternativas para estes profissionais \u00e9 que eles avaliem a possibilidade de firmarem parcerias com profissionais cong\u00eaneres, afim de otimizarem os custos e incrementarem os resultados de seus neg\u00f3cios, ou mesmo, incorporem novos servi\u00e7os e implantem processos inovadores, constituindo diferenciais competitivos para sua empresa.<\/div>\n<div><\/div>\n<div>Mais orienta\u00e7\u00f5es podem ser buscadas nos pontos de atendimento do Sebrae Para\u00edba em sua cidade, atrav\u00e9s do 0800 570 0800, ou ainda no Fale com um especialista, dispon\u00edvel no portal\u00a0<a class=\"vglnk\" href=\"http:\/\/www.sebraepb.com.br\/\" rel=\"nofollow\">www.sebraepb.com.br<\/a>]<\/div>\n","protected":false},"excerpt":{"rendered":"<p>O empreendedorismo individual se consolidou, nos \u00faltimos oito anos, como uma alternativa para diversos brasileiros crescerem em meio \u00e0 crise econ\u00f4mica do pa\u00eds. Foi atrav\u00e9s&hellip; <\/p>\n","protected":false},"author":2,"featured_media":35764,"comment_status":"closed","ping_status":"closed","sticky":false,"template":"","format":"standard","meta":{"sfsi_plus_gutenberg_text_before_share":"","sfsi_plus_gutenberg_show_text_before_share":"","sfsi_plus_gutenberg_icon_type":"","sfsi_plus_gutenberg_icon_alignemt":"","sfsi_plus_gutenburg_max_per_row":"","footnotes":""},"categories":[2],"tags":[],"class_list":["post-35761","post","type-post","status-publish","format-standard","has-post-thumbnail","hentry","category-geral"],"_links":{"self":[{"href":"https:\/\/www.caririemacao.com\/1\/wp-json\/wp\/v2\/posts\/35761","targetHints":{"allow":["GET"]}}],"collection":[{"href":"https:\/\/www.caririemacao.com\/1\/wp-json\/wp\/v2\/posts"}],"about":[{"href":"https:\/\/www.caririemacao.com\/1\/wp-json\/wp\/v2\/types\/post"}],"author":[{"embeddable":true,"href":"https:\/\/www.caririemacao.com\/1\/wp-json\/wp\/v2\/users\/2"}],"replies":[{"embeddable":true,"href":"https:\/\/www.caririemacao.com\/1\/wp-json\/wp\/v2\/comments?post=35761"}],"version-history":[{"count":0,"href":"https:\/\/www.caririemacao.com\/1\/wp-json\/wp\/v2\/posts\/35761\/revisions"}],"wp:featuredmedia":[{"embeddable":true,"href":"https:\/\/www.caririemacao.com\/1\/wp-json\/wp\/v2\/media\/35764"}],"wp:attachment":[{"href":"https:\/\/www.caririemacao.com\/1\/wp-json\/wp\/v2\/media?parent=35761"}],"wp:term":[{"taxonomy":"category","embeddable":true,"href":"https:\/\/www.caririemacao.com\/1\/wp-json\/wp\/v2\/categories?post=35761"},{"taxonomy":"post_tag","embeddable":true,"href":"https:\/\/www.caririemacao.com\/1\/wp-json\/wp\/v2\/tags?post=35761"}],"curies":[{"name":"wp","href":"https:\/\/api.w.org\/{rel}","templated":true}]}}