{"id":35768,"date":"2017-12-26T17:57:57","date_gmt":"2017-12-26T20:57:57","guid":{"rendered":"http:\/\/caririemacao.com\/1\/?p=35768"},"modified":"2017-12-26T18:04:48","modified_gmt":"2017-12-26T21:04:48","slug":"prefeitura-de-sume-realiza-limpeza-e-ampliacao-de-acudes-na-zona-rural","status":"publish","type":"post","link":"https:\/\/www.caririemacao.com\/1\/2017\/12\/26\/prefeitura-de-sume-realiza-limpeza-e-ampliacao-de-acudes-na-zona-rural\/","title":{"rendered":"Prefeitura de Sum\u00e9 realiza limpeza e amplia\u00e7\u00e3o de a\u00e7udes na zona rural"},"content":{"rendered":"<p>A Prefeitura de Sum\u00e9 est\u00e1 investindo na recupera\u00e7\u00e3o de a\u00e7udes da zona rural que se encontram secos. Al\u00e9m de fazer a limpeza nos reservat\u00f3rios o objetivo \u00e9 aumentar a capacidade dos mananciais para na ocorr\u00eancia de chuvas, os a\u00e7udes terem uma maior capacidade de capita\u00e7\u00e3o de \u00e1gua.<\/p>\n<p>Recentemente passou por recupera\u00e7\u00e3o o a\u00e7ude da comunidade de Concei\u00e7\u00e3o. O material retirado do manancial tamb\u00e9m foi aproveitado para realizar a recupera\u00e7\u00e3o das estradas na comunidade.<\/p>\n<p><a href=\"http:\/\/caririemacao.com\/1\/wp-content\/uploads\/2017\/12\/26108100_1304992266273753_1964205899_o.jpg\"><img fetchpriority=\"high\" decoding=\"async\" class=\"alignnone wp-image-35769 size-full\" src=\"http:\/\/caririemacao.com\/1\/wp-content\/uploads\/2017\/12\/26108100_1304992266273753_1964205899_o.jpg\" alt=\"\" width=\"2048\" height=\"1361\" srcset=\"https:\/\/www.caririemacao.com\/1\/wp-content\/uploads\/2017\/12\/26108100_1304992266273753_1964205899_o.jpg 2048w, https:\/\/www.caririemacao.com\/1\/wp-content\/uploads\/2017\/12\/26108100_1304992266273753_1964205899_o-300x199.jpg 300w, https:\/\/www.caririemacao.com\/1\/wp-content\/uploads\/2017\/12\/26108100_1304992266273753_1964205899_o-768x510.jpg 768w, https:\/\/www.caririemacao.com\/1\/wp-content\/uploads\/2017\/12\/26108100_1304992266273753_1964205899_o-1024x681.jpg 1024w\" sizes=\"(max-width: 2048px) 100vw, 2048px\" \/><\/a><\/p>\n<p>O prefeito \u00c9den Duarte informou que nas pr\u00f3ximas semanas ser\u00e1 a vez de recuperar o a\u00e7ude de Olho D\u2019\u00c1gua Branca com limpeza e amplia\u00e7\u00e3o.<\/p>\n<p>De acordo com \u00c9den \u00e9 muito importante realizar esse trabalho no momento de estiagem e quando os reservat\u00f3rios se encontram praticamente vazios, preparando assim os a\u00e7udes do munic\u00edpio para recargas nas pr\u00f3ximas chuvas.<\/p>\n<p><strong>CARIRI EM A\u00c7\u00c3O<\/strong><\/p>\n<p>Com Ascom PMS\/Foto: Reprodu\u00e7\u00e3o<\/p>\n<p><strong>Leia mais not\u00edcias em\u00a0<\/strong><a href=\"http:\/\/www.caririemacao.com\/\"><strong>caririemacao.com<\/strong><\/a><strong>, siga nossa p\u00e1gina no\u00a0<\/strong><a href=\"https:\/\/www.facebook.com\/CaririEmAcao\/?ref=aymt_homepage_panel\"><strong>Facebook<\/strong><\/a>,<strong>\u00a0<\/strong><a href=\"https:\/\/www.instagram.com\/cariri_em_acao\/?hl=pt-br\"><strong>Instagram<\/strong><\/a><strong>\u00a0e <\/strong><a href=\"https:\/\/www.youtube.com\/channel\/UCAptA0jQuYQy8vMhLt2m4qg\"><strong>Youtube<\/strong><\/a><strong>\u00a0e veja nossas mat\u00e9rias, v\u00eddeos e fotos. Voc\u00ea tamb\u00e9m pode enviar informa\u00e7\u00f5es \u00e0 Reda\u00e7\u00e3o do Portal Cariri em A\u00e7\u00e3o pelo WhatsApp (83) 9 9634.5791, (83) 9 9601-1162.<\/strong><\/p>\n","protected":false},"excerpt":{"rendered":"<p>A Prefeitura de Sum\u00e9 est\u00e1 investindo na recupera\u00e7\u00e3o de a\u00e7udes da zona rural que se encontram secos. Al\u00e9m de fazer a limpeza nos reservat\u00f3rios o&hellip; <\/p>\n","protected":false},"author":2,"featured_media":35770,"comment_status":"closed","ping_status":"closed","sticky":false,"template":"","format":"standard","meta":{"sfsi_plus_gutenberg_text_before_share":"","sfsi_plus_gutenberg_show_text_before_share":"","sfsi_plus_gutenberg_icon_type":"","sfsi_plus_gutenberg_icon_alignemt":"","sfsi_plus_gutenburg_max_per_row":"","footnotes":""},"categories":[6],"tags":[],"class_list":["post-35768","post","type-post","status-publish","format-standard","has-post-thumbnail","hentry","category-cidades"],"_links":{"self":[{"href":"https:\/\/www.caririemacao.com\/1\/wp-json\/wp\/v2\/posts\/35768","targetHints":{"allow":["GET"]}}],"collection":[{"href":"https:\/\/www.caririemacao.com\/1\/wp-json\/wp\/v2\/posts"}],"about":[{"href":"https:\/\/www.caririemacao.com\/1\/wp-json\/wp\/v2\/types\/post"}],"author":[{"embeddable":true,"href":"https:\/\/www.caririemacao.com\/1\/wp-json\/wp\/v2\/users\/2"}],"replies":[{"embeddable":true,"href":"https:\/\/www.caririemacao.com\/1\/wp-json\/wp\/v2\/comments?post=35768"}],"version-history":[{"count":0,"href":"https:\/\/www.caririemacao.com\/1\/wp-json\/wp\/v2\/posts\/35768\/revisions"}],"wp:featuredmedia":[{"embeddable":true,"href":"https:\/\/www.caririemacao.com\/1\/wp-json\/wp\/v2\/media\/35770"}],"wp:attachment":[{"href":"https:\/\/www.caririemacao.com\/1\/wp-json\/wp\/v2\/media?parent=35768"}],"wp:term":[{"taxonomy":"category","embeddable":true,"href":"https:\/\/www.caririemacao.com\/1\/wp-json\/wp\/v2\/categories?post=35768"},{"taxonomy":"post_tag","embeddable":true,"href":"https:\/\/www.caririemacao.com\/1\/wp-json\/wp\/v2\/tags?post=35768"}],"curies":[{"name":"wp","href":"https:\/\/api.w.org\/{rel}","templated":true}]}}