{"id":35779,"date":"2017-12-26T18:12:45","date_gmt":"2017-12-26T21:12:45","guid":{"rendered":"http:\/\/caririemacao.com\/1\/?p=35779"},"modified":"2017-12-26T18:12:45","modified_gmt":"2017-12-26T21:12:45","slug":"maluf-tem-doenca-grave-mas-pode-ser-tratado-na-papuda-diz-iml","status":"publish","type":"post","link":"https:\/\/www.caririemacao.com\/1\/2017\/12\/26\/maluf-tem-doenca-grave-mas-pode-ser-tratado-na-papuda-diz-iml\/","title":{"rendered":"Maluf tem \u2018doen\u00e7a grave\u2019 mas pode ser tratado na Papuda, diz IML"},"content":{"rendered":"<p>Laudo m\u00e9dico produzido pelo Instituto M\u00e9dico Legal (IML) reconheceu que o deputado federal\u00a0Paulo Maluf\u00a0(PP-SP) tem doen\u00e7a grave e permanente, mas que pode ser tratado dentro do\u00a0Complexo Penitenci\u00e1rio da Papuda, em Bras\u00edlia, onde se encontra preso. A defesa de Maluf apresentou pedido de pris\u00e3o domiciliar humanit\u00e1ria em virtude da idade do deputado, 86 anos, e do seu estado de sa\u00fade.<\/p>\n<p>Os m\u00e9dicos legistas confirmaram que o deputado e ex-prefeito de S\u00e3o Paulo possui uma\u00a0doen\u00e7a degenerativa na coluna lombar, sem cura, e\u00a0c\u00e2ncer na pr\u00f3stata. Entre os itens que s\u00e3o necess\u00e1rios para que ele seja atendido no pres\u00eddio, os peritos Hildeci Jos\u00e9 Rezende e Gustavo Edreira Neves anotaram o uso de muleta, de um leito adequado \u00e0 sua coluna e de atendimento de um especialista na \u00e1rea de oncologia urol\u00f3gica.<\/p>\n<p>Diante do laudo, o juiz Bruno Macacari, da Vara de Execu\u00e7\u00f5es Penais do Distrito Federal, reiterou pedido ao diretor do Centro de Deten\u00e7\u00f5es Provis\u00f3rias (CDP) da Papuda, Jos\u00e9 Mundim J\u00fanior, confirme as condi\u00e7\u00f5es estruturais do pres\u00eddio para decidir se conceder\u00e1 ou n\u00e3o a pris\u00e3o domiciliar. Na \u00faltima sexta-feira, o\u00a0juiz havia negado liminarmente\u00a0que Maluf fosse para casa at\u00e9 que ele passasse pelo exame detalhado no IML.<\/p>\n<p><strong>CARIRI EM A\u00c7\u00c3O<\/strong><\/p>\n<p><em>Com VEJA\/Foto: Reprodu\u00e7\u00e3o google<\/em><\/p>\n<p><strong>Leia mais not\u00edcias em\u00a0<\/strong><a href=\"http:\/\/www.caririemacao.com\/\"><strong>caririemacao.com<\/strong><\/a><strong>, siga nossa p\u00e1gina no\u00a0<\/strong><a href=\"https:\/\/www.facebook.com\/CaririEmAcao\/?ref=aymt_homepage_panel\"><strong>Facebook<\/strong><\/a>,<strong>\u00a0<\/strong><a href=\"https:\/\/www.instagram.com\/cariri_em_acao\/?hl=pt-br\"><strong>Instagram<\/strong><\/a><strong>\u00a0e <\/strong><a href=\"https:\/\/www.youtube.com\/channel\/UCAptA0jQuYQy8vMhLt2m4qg\"><strong>Youtube<\/strong><\/a><strong>\u00a0e veja nossas mat\u00e9rias, v\u00eddeos e fotos. Voc\u00ea tamb\u00e9m pode enviar informa\u00e7\u00f5es \u00e0 Reda\u00e7\u00e3o do Portal Cariri em A\u00e7\u00e3o pelo WhatsApp (83) 9 9634.5791, (83) 9 9601-1162.<\/strong><\/p>\n","protected":false},"excerpt":{"rendered":"<p>Laudo m\u00e9dico produzido pelo Instituto M\u00e9dico Legal (IML) reconheceu que o deputado federal\u00a0Paulo Maluf\u00a0(PP-SP) tem doen\u00e7a grave e permanente, mas que pode ser tratado dentro&hellip; <\/p>\n","protected":false},"author":2,"featured_media":35780,"comment_status":"closed","ping_status":"closed","sticky":false,"template":"","format":"standard","meta":{"sfsi_plus_gutenberg_text_before_share":"","sfsi_plus_gutenberg_show_text_before_share":"","sfsi_plus_gutenberg_icon_type":"","sfsi_plus_gutenberg_icon_alignemt":"","sfsi_plus_gutenburg_max_per_row":"","footnotes":""},"categories":[11],"tags":[],"class_list":["post-35779","post","type-post","status-publish","format-standard","has-post-thumbnail","hentry","category-politica"],"_links":{"self":[{"href":"https:\/\/www.caririemacao.com\/1\/wp-json\/wp\/v2\/posts\/35779","targetHints":{"allow":["GET"]}}],"collection":[{"href":"https:\/\/www.caririemacao.com\/1\/wp-json\/wp\/v2\/posts"}],"about":[{"href":"https:\/\/www.caririemacao.com\/1\/wp-json\/wp\/v2\/types\/post"}],"author":[{"embeddable":true,"href":"https:\/\/www.caririemacao.com\/1\/wp-json\/wp\/v2\/users\/2"}],"replies":[{"embeddable":true,"href":"https:\/\/www.caririemacao.com\/1\/wp-json\/wp\/v2\/comments?post=35779"}],"version-history":[{"count":0,"href":"https:\/\/www.caririemacao.com\/1\/wp-json\/wp\/v2\/posts\/35779\/revisions"}],"wp:featuredmedia":[{"embeddable":true,"href":"https:\/\/www.caririemacao.com\/1\/wp-json\/wp\/v2\/media\/35780"}],"wp:attachment":[{"href":"https:\/\/www.caririemacao.com\/1\/wp-json\/wp\/v2\/media?parent=35779"}],"wp:term":[{"taxonomy":"category","embeddable":true,"href":"https:\/\/www.caririemacao.com\/1\/wp-json\/wp\/v2\/categories?post=35779"},{"taxonomy":"post_tag","embeddable":true,"href":"https:\/\/www.caririemacao.com\/1\/wp-json\/wp\/v2\/tags?post=35779"}],"curies":[{"name":"wp","href":"https:\/\/api.w.org\/{rel}","templated":true}]}}